{"id":264,"date":"2021-06-15T13:29:00","date_gmt":"2021-06-15T11:29:00","guid":{"rendered":"https:\/\/sociedadcivilenred.org.ar\/?p=264"},"modified":"2024-01-25T22:23:47","modified_gmt":"2024-01-25T21:23:47","slug":"curso-a-distancia-sobre-planificacion-estrategica-en-organizaciones-sociales","status":"publish","type":"post","link":"https:\/\/sociedadcivilenred.org.ar\/index.php\/2021\/06\/15\/curso-a-distancia-sobre-planificacion-estrategica-en-organizaciones-sociales\/","title":{"rendered":"Curso a distancia sobre Planificaci\u00f3n Estrat\u00e9gica en Organizaciones Sociales"},"content":{"rendered":"\n<p>Acceder a instancias de capacitaci\u00f3n en los lugares m\u00e1s remotos y necesitados de nuestro pa\u00eds la mayor\u00eda de las veces no pasa de ser un sue\u00f1o. <strong>Sociedad Civil en Red<\/strong> y <strong>Fundaci\u00f3n La Salle <\/strong>realizaron un curso a distancia sobre <strong>Planificaci\u00f3n estrat\u00e9gica en organizaciones sociales<\/strong>.<\/p>\n\n\n\n<p>Con el curso de un mes de duraci\u00f3n se lleg\u00f3 a decenas de organizaciones sociales en diferentes provincias argentinas. Mediante un acuerdo otorgamos becas a integrantes de organizaciones comunitarias. En el norte de Santiago del Estero, el <strong>Frente de Mujeres del Salado Norte \u2013 Defensoras Ambientales<\/strong>, nos sorprendi\u00f3 con su ejemplo. Multiplicaron su \u00fanica beca por 14. Para abrir la participaci\u00f3n grabaron las clases e imprimieron todos los materiales. Luego, sin conexi\u00f3n a internet y utilizando la \u00fanica notebook que tienen, se reunieron varias veces para avanzar con el curso. Algunas de sus integrantes recorrieron muchos km en moto para poder conectarse y compartir su experiencia durante el cierre del curso. Su entusiasmo fue inspirador.<\/p>\n","protected":false},"excerpt":{"rendered":"<p>Acceder a instancias de capacitaci\u00f3n en los lugares m\u00e1s remotos y necesitados de nuestro pa\u00eds la mayor\u00eda de las veces no pasa de ser un sue\u00f1o. Sociedad Civil en Red y Fundaci\u00f3n La Salle realizaron un curso a distancia sobre Planificaci\u00f3n estrat\u00e9gica en organizaciones sociales. Con el curso de un mes de duraci\u00f3n se lleg\u00f3 a decenas de organizaciones sociales en diferentes provincias argentinas. Mediante un acuerdo otorgamos becas a integrantes de organizaciones comunitarias. En el norte de Santiago del Estero, el Frente de Mujeres del Salado Norte \u2013 Defensoras Ambientales, nos sorprendi\u00f3 con su ejemplo. Multiplicaron su \u00fanica beca por 14. Para abrir la participaci\u00f3n grabaron las clases e imprimieron todos los materiales. Luego, sin conexi\u00f3n a internet y utilizando la \u00fanica notebook que tienen, se reunieron varias veces para avanzar con el curso. Algunas de sus integrantes recorrieron muchos km en moto para poder conectarse y compartir su experiencia durante el cierre del curso. Su entusiasmo fue inspirador.<\/p>\n","protected":false},"author":2,"featured_media":266,"comment_status":"open","ping_status":"open","sticky":false,"template":"","format":"standard","meta":{"footnotes":""},"categories":[8],"tags":[4,3],"class_list":["post-264","post","type-post","status-publish","format-standard","has-post-thumbnail","hentry","category-capacitaciones","tag-curso","tag-organizaciones-sociales"],"_links":{"self":[{"href":"https:\/\/sociedadcivilenred.org.ar\/index.php\/wp-json\/wp\/v2\/posts\/264","targetHints":{"allow":["GET"]}}],"collection":[{"href":"https:\/\/sociedadcivilenred.org.ar\/index.php\/wp-json\/wp\/v2\/posts"}],"about":[{"href":"https:\/\/sociedadcivilenred.org.ar\/index.php\/wp-json\/wp\/v2\/types\/post"}],"author":[{"embeddable":true,"href":"https:\/\/sociedadcivilenred.org.ar\/index.php\/wp-json\/wp\/v2\/users\/2"}],"replies":[{"embeddable":true,"href":"https:\/\/sociedadcivilenred.org.ar\/index.php\/wp-json\/wp\/v2\/comments?post=264"}],"version-history":[{"count":1,"href":"https:\/\/sociedadcivilenred.org.ar\/index.php\/wp-json\/wp\/v2\/posts\/264\/revisions"}],"predecessor-version":[{"id":265,"href":"https:\/\/sociedadcivilenred.org.ar\/index.php\/wp-json\/wp\/v2\/posts\/264\/revisions\/265"}],"wp:featuredmedia":[{"embeddable":true,"href":"https:\/\/sociedadcivilenred.org.ar\/index.php\/wp-json\/wp\/v2\/media\/266"}],"wp:attachment":[{"href":"https:\/\/sociedadcivilenred.org.ar\/index.php\/wp-json\/wp\/v2\/media?parent=264"}],"wp:term":[{"taxonomy":"category","embeddable":true,"href":"https:\/\/sociedadcivilenred.org.ar\/index.php\/wp-json\/wp\/v2\/categories?post=264"},{"taxonomy":"post_tag","embeddable":true,"href":"https:\/\/sociedadcivilenred.org.ar\/index.php\/wp-json\/wp\/v2\/tags?post=264"}],"curies":[{"name":"wp","href":"https:\/\/api.w.org\/{rel}","templated":true}]}}