{"id":268,"date":"2021-06-15T13:49:00","date_gmt":"2021-06-15T11:49:00","guid":{"rendered":"https:\/\/sociedadcivilenred.org.ar\/?p=268"},"modified":"2024-01-25T22:23:47","modified_gmt":"2024-01-25T21:23:47","slug":"proyecto-sociedad-civil-en-red-para-consolidar-la-democracia-ref-001-2020-contrato-de-servicios","status":"publish","type":"post","link":"https:\/\/sociedadcivilenred.org.ar\/index.php\/2021\/06\/15\/proyecto-sociedad-civil-en-red-para-consolidar-la-democracia-ref-001-2020-contrato-de-servicios\/","title":{"rendered":"Proyecto &#8220;Sociedad Civil en Red para consolidar la democracia&#8221; Ref. 001\/2020 \/ Contrato de servicios"},"content":{"rendered":"\n<p><strong>CARTA DE INVITACI\u00d3N<\/strong><\/p>\n\n\n\n<p><strong>\u201cContrato de servicios para la Evaluaci\u00f3n Final del Proyecto\u201d<\/strong><\/p>\n\n\n\n<p>Estimado\/a Se\u00f1or\/a:<\/p>\n\n\n\n<p>La Confederaci\u00f3n de la Sociedad Civil (CSC) ha firmado con la Comisi\u00f3n Europea en calidad de Coordinador el contrato de subvenci\u00f3n \u201cSOCIEDAD CIVIL EN RED PARA CONSOLIDAR LA DEMOCRACIA\u201d, Ref. 001\/2017. En el marco de la ejecuci\u00f3n de dicho contrato se prev\u00e9 realizar la actividad A.1.3, para lo cual se expide la presente Carta de Invitaci\u00f3n.<\/p>\n\n\n\n<p>Por ende, la CSC <strong>invita a usted a presentar su CV y propuesta de trabajo para suministrar los siguientes servicios de consultor\u00eda<\/strong>: \u201c<strong>Contrato de servicios para la Evaluaci\u00f3n Final del Proyecto Sociedad Civil en Red\u201d <\/strong>En los T\u00e9rminos de Referencia que se env\u00edan en anexo se incluye m\u00e1s informaci\u00f3n acerca de dichos Servicios y se establecen los requisitos b\u00e1sicos que debe tener el consultor.<\/p>\n\n\n\n<p>El consultor se seleccionar\u00e1 de acuerdo con las pol\u00edticas para selecci\u00f3n y contrataci\u00f3n de servicios de la Comisi\u00f3n Europea seg\u00fan se establece en el correspondiente contrato de subvenci\u00f3n.<\/p>\n\n\n\n<p>Se incluyen los siguientes documentos:<\/p>\n\n\n\n<p>\u00b7 Carta de Invitaci\u00f3n<\/p>\n\n\n\n<p>\u00b7 T\u00e9rminos de Referencia<\/p>\n\n\n\n<p>Le agradeceremos nos informe por email a la mayor brevedad de la recepci\u00f3n de la presente Carta de Invitaci\u00f3n.<\/p>\n\n\n\n<p><strong>Su CV deber\u00e1 ser enviado por email a la siguiente direcci\u00f3n antes de las 13 hs. de Buenos Aires del 18 de junio de 2021 <\/strong>a: Confederaci\u00f3n de la Sociedad Civil, Att. Mario Burgos, Email: <a href=\"mailto:mburgos@sociedadcivilenred.org.ar\" target=\"_blank\" rel=\"noreferrer noopener\">mburgos@sociedadcivilenred.org.ar<\/a><\/p>\n\n\n\n<p>Cordialmente,<\/p>\n\n\n\n<p><strong>Alfredo Kasdorf<\/strong><\/p>\n\n\n\n<p><strong>Presidente de la CSC<\/strong><\/p>\n\n\n\n<p><strong>Link a documento completo: <\/strong><a href=\"https:\/\/drive.google.com\/file\/d\/1xOOwXizsaJyfcIza7k0G6sBs0-yjjeJh\/view?usp=sharing\" target=\"_blank\" rel=\"noreferrer noopener\"><strong>SCR-TdR Evaluaci\u00f3n Final<\/strong><\/a><\/p>\n","protected":false},"excerpt":{"rendered":"<p>CARTA DE INVITACI\u00d3N \u201cContrato de servicios para la Evaluaci\u00f3n Final del Proyecto\u201d Estimado\/a Se\u00f1or\/a: La Confederaci\u00f3n de la Sociedad Civil (CSC) ha firmado con la Comisi\u00f3n Europea en calidad de Coordinador el contrato de subvenci\u00f3n \u201cSOCIEDAD CIVIL EN RED PARA CONSOLIDAR LA DEMOCRACIA\u201d, Ref. 001\/2017. En el marco de la ejecuci\u00f3n de dicho contrato se prev\u00e9 realizar la actividad A.1.3, para lo cual se expide la presente Carta de Invitaci\u00f3n. Por ende, la CSC invita a usted a presentar su CV y propuesta de trabajo para suministrar los siguientes servicios de consultor\u00eda: \u201cContrato de servicios para la Evaluaci\u00f3n Final del Proyecto Sociedad Civil en Red\u201d En los T\u00e9rminos de Referencia que se env\u00edan en anexo se incluye m\u00e1s informaci\u00f3n acerca de dichos Servicios y se establecen los requisitos b\u00e1sicos que debe tener el consultor. El consultor se seleccionar\u00e1 de acuerdo con las pol\u00edticas para selecci\u00f3n y contrataci\u00f3n de servicios de la Comisi\u00f3n Europea seg\u00fan se establece en el correspondiente contrato de subvenci\u00f3n. Se incluyen los siguientes documentos: \u00b7 Carta de Invitaci\u00f3n \u00b7 T\u00e9rminos de Referencia Le agradeceremos nos informe por email a la mayor brevedad de la recepci\u00f3n de la presente Carta de Invitaci\u00f3n. Su CV deber\u00e1 ser enviado por email a la siguiente direcci\u00f3n antes de las 13 hs. de Buenos Aires del 18 de junio de 2021 a: Confederaci\u00f3n de la Sociedad Civil, Att. Mario Burgos, Email: mburgos@sociedadcivilenred.org.ar Cordialmente, Alfredo Kasdorf Presidente de la CSC Link a documento completo: SCR-TdR Evaluaci\u00f3n Final<\/p>\n","protected":false},"author":2,"featured_media":269,"comment_status":"open","ping_status":"open","sticky":false,"template":"","format":"standard","meta":{"footnotes":""},"categories":[5],"tags":[],"class_list":["post-268","post","type-post","status-publish","format-standard","has-post-thumbnail","hentry","category-proyectos"],"_links":{"self":[{"href":"https:\/\/sociedadcivilenred.org.ar\/index.php\/wp-json\/wp\/v2\/posts\/268","targetHints":{"allow":["GET"]}}],"collection":[{"href":"https:\/\/sociedadcivilenred.org.ar\/index.php\/wp-json\/wp\/v2\/posts"}],"about":[{"href":"https:\/\/sociedadcivilenred.org.ar\/index.php\/wp-json\/wp\/v2\/types\/post"}],"author":[{"embeddable":true,"href":"https:\/\/sociedadcivilenred.org.ar\/index.php\/wp-json\/wp\/v2\/users\/2"}],"replies":[{"embeddable":true,"href":"https:\/\/sociedadcivilenred.org.ar\/index.php\/wp-json\/wp\/v2\/comments?post=268"}],"version-history":[{"count":1,"href":"https:\/\/sociedadcivilenred.org.ar\/index.php\/wp-json\/wp\/v2\/posts\/268\/revisions"}],"predecessor-version":[{"id":270,"href":"https:\/\/sociedadcivilenred.org.ar\/index.php\/wp-json\/wp\/v2\/posts\/268\/revisions\/270"}],"wp:featuredmedia":[{"embeddable":true,"href":"https:\/\/sociedadcivilenred.org.ar\/index.php\/wp-json\/wp\/v2\/media\/269"}],"wp:attachment":[{"href":"https:\/\/sociedadcivilenred.org.ar\/index.php\/wp-json\/wp\/v2\/media?parent=268"}],"wp:term":[{"taxonomy":"category","embeddable":true,"href":"https:\/\/sociedadcivilenred.org.ar\/index.php\/wp-json\/wp\/v2\/categories?post=268"},{"taxonomy":"post_tag","embeddable":true,"href":"https:\/\/sociedadcivilenred.org.ar\/index.php\/wp-json\/wp\/v2\/tags?post=268"}],"curies":[{"name":"wp","href":"https:\/\/api.w.org\/{rel}","templated":true}]}}