{"id":291,"date":"2021-04-26T16:02:00","date_gmt":"2021-04-26T14:02:00","guid":{"rendered":"https:\/\/sociedadcivilenred.org.ar\/?p=291"},"modified":"2024-01-25T22:23:47","modified_gmt":"2024-01-25T21:23:47","slug":"9-encuentro-regional-de-sociedad-civil-en-red","status":"publish","type":"post","link":"https:\/\/sociedadcivilenred.org.ar\/index.php\/2021\/04\/26\/9-encuentro-regional-de-sociedad-civil-en-red\/","title":{"rendered":"9\u00b0 Encuentro Regional de Sociedad Civil en Red"},"content":{"rendered":"\n<p>Las organizaciones de la sociedad civil (OSC), de todo el pa\u00eds nos reuniremos en el<strong> 9\u00b0 Encuentro Regional de Sociedad Civil en Red <\/strong>que se realizar\u00e1 el <em>12 y 13 de mayo<\/em> en la provincia de Tierra del Fuego Islas del Atl\u00e1ntico Sur y en el cual se podr\u00e1 participar en modo virtual.<\/p>\n\n\n\n<p>Este Encuentro organizado por <strong>Sociedad Civil en Red<\/strong> y coordinado por la <strong>Asociaci\u00f3n Reencontr\u00e1ndonos de Ushuaia<\/strong>, tiene como objetivo establecer v\u00ednculos, debatir y construir consensos que permitan impulsar una agenda de cambios urgentes en lo legal, fiscal y laboral que permitan a las OSC su sostenibilidad.<\/p>\n\n\n\n<p>Al igual que les sucede a distintos sectores productivos y sociales del pa\u00eds, las OSC atraviesan una compleja situaci\u00f3n y presentan un horizonte incierto tanto para sostener su estatus formal como para trabajar y desarrollar su actividad de manera eficaz.<\/p>\n\n\n\n<p>El Encuentro est\u00e1 organizado sobre tres ejes: a) debatir sobre los cambios en el marco legal, fiscal y laboral que regula las actividades de las OSC; b) analizar las oportunidades de construcci\u00f3n de estrategias de incidencia en las pol\u00edticas p\u00fablicas; c) dar visibilidad al trabajo de las OSC de Tierra del Fuego.<\/p>\n\n\n\n<p><strong>Link inscripci\u00f3n:<\/strong> <a href=\"https:\/\/us02web.zoom.us\/meeting\/register\/tZcrcuCoqz0iGNU84-4KW4x-ve2XsLL1Lfhy\" target=\"_blank\" rel=\"noreferrer noopener\">https:\/\/us02web.zoom.us\/meeting\/register\/tZcrcuCoqz0iGNU84-4KW4x-ve2XsLL1Lfhy<\/a><\/p>\n","protected":false},"excerpt":{"rendered":"<p>Las organizaciones de la sociedad civil (OSC), de todo el pa\u00eds nos reuniremos en el 9\u00b0 Encuentro Regional de Sociedad Civil en Red que se realizar\u00e1 el 12 y 13 de mayo en la provincia de Tierra del Fuego Islas del Atl\u00e1ntico Sur y en el cual se podr\u00e1 participar en modo virtual. Este Encuentro organizado por Sociedad Civil en Red y coordinado por la Asociaci\u00f3n Reencontr\u00e1ndonos de Ushuaia, tiene como objetivo establecer v\u00ednculos, debatir y construir consensos que permitan impulsar una agenda de cambios urgentes en lo legal, fiscal y laboral que permitan a las OSC su sostenibilidad. Al igual que les sucede a distintos sectores productivos y sociales del pa\u00eds, las OSC atraviesan una compleja situaci\u00f3n y presentan un horizonte incierto tanto para sostener su estatus formal como para trabajar y desarrollar su actividad de manera eficaz. El Encuentro est\u00e1 organizado sobre tres ejes: a) debatir sobre los cambios en el marco legal, fiscal y laboral que regula las actividades de las OSC; b) analizar las oportunidades de construcci\u00f3n de estrategias de incidencia en las pol\u00edticas p\u00fablicas; c) dar visibilidad al trabajo de las OSC de Tierra del Fuego. Link inscripci\u00f3n: https:\/\/us02web.zoom.us\/meeting\/register\/tZcrcuCoqz0iGNU84-4KW4x-ve2XsLL1Lfhy<\/p>\n","protected":false},"author":2,"featured_media":294,"comment_status":"open","ping_status":"open","sticky":false,"template":"","format":"standard","meta":{"footnotes":""},"categories":[6],"tags":[],"class_list":["post-291","post","type-post","status-publish","format-standard","has-post-thumbnail","hentry","category-eventos"],"_links":{"self":[{"href":"https:\/\/sociedadcivilenred.org.ar\/index.php\/wp-json\/wp\/v2\/posts\/291","targetHints":{"allow":["GET"]}}],"collection":[{"href":"https:\/\/sociedadcivilenred.org.ar\/index.php\/wp-json\/wp\/v2\/posts"}],"about":[{"href":"https:\/\/sociedadcivilenred.org.ar\/index.php\/wp-json\/wp\/v2\/types\/post"}],"author":[{"embeddable":true,"href":"https:\/\/sociedadcivilenred.org.ar\/index.php\/wp-json\/wp\/v2\/users\/2"}],"replies":[{"embeddable":true,"href":"https:\/\/sociedadcivilenred.org.ar\/index.php\/wp-json\/wp\/v2\/comments?post=291"}],"version-history":[{"count":1,"href":"https:\/\/sociedadcivilenred.org.ar\/index.php\/wp-json\/wp\/v2\/posts\/291\/revisions"}],"predecessor-version":[{"id":295,"href":"https:\/\/sociedadcivilenred.org.ar\/index.php\/wp-json\/wp\/v2\/posts\/291\/revisions\/295"}],"wp:featuredmedia":[{"embeddable":true,"href":"https:\/\/sociedadcivilenred.org.ar\/index.php\/wp-json\/wp\/v2\/media\/294"}],"wp:attachment":[{"href":"https:\/\/sociedadcivilenred.org.ar\/index.php\/wp-json\/wp\/v2\/media?parent=291"}],"wp:term":[{"taxonomy":"category","embeddable":true,"href":"https:\/\/sociedadcivilenred.org.ar\/index.php\/wp-json\/wp\/v2\/categories?post=291"},{"taxonomy":"post_tag","embeddable":true,"href":"https:\/\/sociedadcivilenred.org.ar\/index.php\/wp-json\/wp\/v2\/tags?post=291"}],"curies":[{"name":"wp","href":"https:\/\/api.w.org\/{rel}","templated":true}]}}