{"id":299,"date":"2020-10-14T16:13:00","date_gmt":"2020-10-14T14:13:00","guid":{"rendered":"https:\/\/sociedadcivilenred.org.ar\/?p=299"},"modified":"2024-01-25T22:23:47","modified_gmt":"2024-01-25T21:23:47","slug":"llegaron-los-cursos-de-formacion-virtual-para-el-fortalecimiento-de-las-osc","status":"publish","type":"post","link":"https:\/\/sociedadcivilenred.org.ar\/index.php\/2020\/10\/14\/llegaron-los-cursos-de-formacion-virtual-para-el-fortalecimiento-de-las-osc\/","title":{"rendered":"\u00a1Llegaron los cursos de formaci\u00f3n virtual para el fortalecimiento de las OSC!"},"content":{"rendered":"\n<p>Desde Sociedad Civil en Red estamos muy contentos de anunciarles el inicio del Ciclo gratuito de formaci\u00f3n virtual &#8220;<strong><u>Herramientas y Estrategias para el Fortalecimiento de las OSC&#8221;<\/u><\/strong><\/p>\n\n\n\n<p><strong>\u00bfQu\u00e9 te proponen los cursos?<\/strong><\/p>\n\n\n\n<ul class=\"wp-block-list\">\n<li>Ofrecer herramientas para fortalecer la gesti\u00f3n de las OSC<\/li>\n\n\n\n<li>Favorecer el intercambio de saberes, experiencias y estrategias vinculadas con el quehacer de las OSC<\/li>\n\n\n\n<li>Reflexionar sobre rol de las OSC en el marco de una sociedad democr\u00e1tica, su incidencia, los v\u00ednculos con el Estado y otros actores sociales, la participaci\u00f3n ciudadana y la b\u00fasqueda del desarrollo.<\/li>\n<\/ul>\n\n\n\n<p><strong>\u00bfQui\u00e9nes pueden participar?<\/strong><\/p>\n\n\n\n<p>Todas aquellas personas que integran las Organizaciones de la Sociedad Civil y que buscan enriquecer sus saberes para el fortalecimiento de sus organizaciones.<\/p>\n\n\n\n<p><strong>Requisitos:<\/strong><\/p>\n\n\n\n<p>No se requiere tener t\u00edtulo secundario ni universitario<\/p>\n\n\n\n<p><strong>Caracter\u00edsticas Generales<\/strong><\/p>\n\n\n\n<ul class=\"wp-block-list\">\n<li>Clases escritas, audiovisuales y material de apoyo<\/li>\n\n\n\n<li>Acompa\u00f1amiento por medio de tutor\u00eda<\/li>\n\n\n\n<li>A cargo de referentes de cada tem\u00e1tica<\/li>\n\n\n\n<li>De car\u00e1cter gratuito<\/li>\n\n\n\n<li>Certifica: Sociedad Civil en red<\/li>\n\n\n\n<li>Duraci\u00f3n: 5 semanas. <strong>Inicia: Noviembre 2020<\/strong><\/li>\n<\/ul>\n\n\n\n<p><strong>\u00bfC\u00f3mo inscribirse?<\/strong><\/p>\n\n\n\n<p>Anotate en : <a href=\"https:\/\/forms.gle\/ts6XZgmzJZnwxz8d9?fbclid=IwAR3d3LHr7Kz5JVrxt5Au8iqOue-0QMQKoeYXIZKnUP9zUXELnaQ39vmnml8\" target=\"_blank\" rel=\"noreferrer noopener\">https:\/\/forms.gle\/ts6XZgmzJZnwxz8d9<\/a><\/p>\n\n\n\n<p><strong>Por dudas y consultas pueden escribir a: <\/strong>capacitacion@sociedadcivilenred.org.ar<\/p>\n\n\n\n<p><strong>DETALLES Y CONTENIDOS DE LOS CURSOS<\/strong><\/p>\n\n\n\n<p><em><strong>Curso 1<\/strong><\/em><\/p>\n\n\n\n<p><strong>Sociedad Civil, Estado y Democracia: \u00bfCu\u00e1l es el rol de las organizaciones sociales?<\/strong><\/p>\n\n\n\n<p><strong>Profesor:<\/strong> Oscar Garc\u00eda<\/p>\n\n\n\n<p><strong>Temas:<\/strong><\/p>\n\n\n\n<ul class=\"wp-block-list\">\n<li>Sociedad Civil en Argentina, en la Regi\u00f3n, en el campo social<\/li>\n\n\n\n<li>Organizaciones de la Sociedad Civil y Movimientos Sociales<\/li>\n\n\n\n<li>Incidencia en Pol\u00edticas P\u00fablicas<\/li>\n\n\n\n<li>OSC, derechos y participaci\u00f3n ciudadana<\/li>\n<\/ul>\n\n\n\n<p><em><strong>Curso 2<\/strong><\/em><\/p>\n\n\n\n<p><strong>Constituci\u00f3n y regulaci\u00f3n de las OSC: El marco legal vigente<\/strong><\/p>\n\n\n\n<p><strong>Profesor:<\/strong> Guillermo Ragazzi<\/p>\n\n\n\n<p><strong>Temas:<\/strong><\/p>\n\n\n\n<ul class=\"wp-block-list\">\n<li>Marco Normativo (Estatutario) de las OSC en Argentina<\/li>\n\n\n\n<li>Aspectos legales de las OSC<\/li>\n\n\n\n<li>Constituci\u00f3n de Fundaciones y Asociaciones Civiles<\/li>\n<\/ul>\n\n\n\n<p><em><strong>Curso 3<\/strong><\/em><\/p>\n\n\n\n<p><strong>\u00bfC\u00f3mo gestionar una OSC?: Aspectos administrativos, laborales y fiscales<\/strong><\/p>\n\n\n\n<p><strong>Profesores:<\/strong><\/p>\n\n\n\n<ul class=\"wp-block-list\">\n<li>Guillermo Arboleya<\/li>\n\n\n\n<li>Rodolfo Sosa<\/li>\n\n\n\n<li>In\u00e9s Felice<\/li>\n<\/ul>\n\n\n\n<p><strong>Temas<\/strong><\/p>\n\n\n\n<ul class=\"wp-block-list\">\n<li>Aspectos contables de las OSC<\/li>\n\n\n\n<li>Administraci\u00f3n y control presupuestario<\/li>\n\n\n\n<li>Marco Laboral. Proyecto de estatuto del Trabajador Sociocomunitario<\/li>\n<\/ul>\n\n\n\n<h2 class=\"wp-block-heading\">\u00a1Los esperamos!<\/h2>\n","protected":false},"excerpt":{"rendered":"<p>Desde Sociedad Civil en Red estamos muy contentos de anunciarles el inicio del Ciclo gratuito de formaci\u00f3n virtual &#8220;Herramientas y Estrategias para el Fortalecimiento de las OSC&#8221; \u00bfQu\u00e9 te proponen los cursos? \u00bfQui\u00e9nes pueden participar? Todas aquellas personas que integran las Organizaciones de la Sociedad Civil y que buscan enriquecer sus saberes para el fortalecimiento de sus organizaciones. Requisitos: No se requiere tener t\u00edtulo secundario ni universitario Caracter\u00edsticas Generales \u00bfC\u00f3mo inscribirse? Anotate en : https:\/\/forms.gle\/ts6XZgmzJZnwxz8d9 Por dudas y consultas pueden escribir a: capacitacion@sociedadcivilenred.org.ar DETALLES Y CONTENIDOS DE LOS CURSOS Curso 1 Sociedad Civil, Estado y Democracia: \u00bfCu\u00e1l es el rol de las organizaciones sociales? Profesor: Oscar Garc\u00eda Temas: Curso 2 Constituci\u00f3n y regulaci\u00f3n de las OSC: El marco legal vigente Profesor: Guillermo Ragazzi Temas: Curso 3 \u00bfC\u00f3mo gestionar una OSC?: Aspectos administrativos, laborales y fiscales Profesores: Temas \u00a1Los esperamos!<\/p>\n","protected":false},"author":2,"featured_media":300,"comment_status":"open","ping_status":"open","sticky":false,"template":"","format":"standard","meta":{"footnotes":""},"categories":[8],"tags":[],"class_list":["post-299","post","type-post","status-publish","format-standard","has-post-thumbnail","hentry","category-capacitaciones"],"_links":{"self":[{"href":"https:\/\/sociedadcivilenred.org.ar\/index.php\/wp-json\/wp\/v2\/posts\/299","targetHints":{"allow":["GET"]}}],"collection":[{"href":"https:\/\/sociedadcivilenred.org.ar\/index.php\/wp-json\/wp\/v2\/posts"}],"about":[{"href":"https:\/\/sociedadcivilenred.org.ar\/index.php\/wp-json\/wp\/v2\/types\/post"}],"author":[{"embeddable":true,"href":"https:\/\/sociedadcivilenred.org.ar\/index.php\/wp-json\/wp\/v2\/users\/2"}],"replies":[{"embeddable":true,"href":"https:\/\/sociedadcivilenred.org.ar\/index.php\/wp-json\/wp\/v2\/comments?post=299"}],"version-history":[{"count":1,"href":"https:\/\/sociedadcivilenred.org.ar\/index.php\/wp-json\/wp\/v2\/posts\/299\/revisions"}],"predecessor-version":[{"id":301,"href":"https:\/\/sociedadcivilenred.org.ar\/index.php\/wp-json\/wp\/v2\/posts\/299\/revisions\/301"}],"wp:featuredmedia":[{"embeddable":true,"href":"https:\/\/sociedadcivilenred.org.ar\/index.php\/wp-json\/wp\/v2\/media\/300"}],"wp:attachment":[{"href":"https:\/\/sociedadcivilenred.org.ar\/index.php\/wp-json\/wp\/v2\/media?parent=299"}],"wp:term":[{"taxonomy":"category","embeddable":true,"href":"https:\/\/sociedadcivilenred.org.ar\/index.php\/wp-json\/wp\/v2\/categories?post=299"},{"taxonomy":"post_tag","embeddable":true,"href":"https:\/\/sociedadcivilenred.org.ar\/index.php\/wp-json\/wp\/v2\/tags?post=299"}],"curies":[{"name":"wp","href":"https:\/\/api.w.org\/{rel}","templated":true}]}}