{"id":379,"date":"2020-07-29T20:47:00","date_gmt":"2020-07-29T18:47:00","guid":{"rendered":"https:\/\/sociedadcivilenred.org.ar\/?p=379"},"modified":"2024-01-25T22:23:47","modified_gmt":"2024-01-25T21:23:47","slug":"los-espacios-federales-iniciaron-sus-actividades","status":"publish","type":"post","link":"https:\/\/sociedadcivilenred.org.ar\/index.php\/2020\/07\/29\/los-espacios-federales-iniciaron-sus-actividades\/","title":{"rendered":"Los espacios federales iniciaron sus actividades"},"content":{"rendered":"\n<p>Los <strong>Espacios Regionales de Encuentro y Participaci\u00f3n <\/strong>de Sociedad Civil en Red son una nueva estrategia de fortalecimiento de OSC a nivel federal, que surgi\u00f3 como resultado de los Encuentros Regionales que realizamos en 8 ciudades del pa\u00eds durante 2018 y 2019.<\/p>\n\n\n\n<p>En estos encuentros, se puso de manifiesto la necesidad de mantener una articulaci\u00f3n eficaz para potenciar el trabajo que tantas OSC realizan en todo el pa\u00eds y para fortalecer su alcance en la incidencia pol\u00edtica. Por este motivo, implementamos la construcci\u00f3n de los nuevos espacios federales que facilitan el trabajo articulado de organizaciones y redes de alcance regional y, adem\u00e1s, buscan potenciar el desarrollo de actividades de comunicaci\u00f3n, capacitaci\u00f3n e incidencia en el \u00e1mbito local y regional.<\/p>\n\n\n\n<p><strong>Las ciudades en las que se instalan los Espacios Regionales, las OSC referentes y las Redes que coordinan estos espacios son:<\/strong><\/p>\n\n\n\n<p><strong>Salta<\/strong><\/p>\n\n\n\n<p>OSC referente: Salta Solidaria en Red<\/p>\n\n\n\n<p>Red Coordinadora: RACI Argentina<\/p>\n\n\n\n<p><strong>La Plata<\/strong><\/p>\n\n\n\n<p>OSC referente: Fundaci\u00f3n Pro Humanae Vitae<\/p>\n\n\n\n<p>Red Coordinadora: Foro del Sector Social<\/p>\n\n\n\n<p><strong>Neuqu\u00e9n<\/strong><\/p>\n\n\n\n<p>OSC referente: FUNDESUR<\/p>\n\n\n\n<p>Red Coordinadora: Federaci\u00f3n de Fundaciones Argentinas &#8211; FEDEFA<\/p>\n\n\n\n<p><strong>C\u00f3rdoba<\/strong><\/p>\n\n\n\n<p>OSC referente: Red de Participaci\u00f3n Social C\u00f3rdoba<\/p>\n\n\n\n<p>Red Coordinadora: Encuentro de Entidades No Gubernamentales para el Desarrollo<\/p>\n\n\n\n<p><strong>Corrientes<\/strong><\/p>\n\n\n\n<p>OSC referente: Fundaci\u00f3n Comunidad<\/p>\n\n\n\n<p>Red Coordinadora: Encuentro de Entidades No Gubernamentales para el Desarrollo<\/p>\n\n\n\n<p><strong>Posadas<\/strong><\/p>\n\n\n\n<p>OSC referente: Fundaci\u00f3n Prosperit\u00e1<\/p>\n\n\n\n<p>Red Coordinadora: Federaci\u00f3n de Fundaciones Argentinas &#8211; FEDEFA<\/p>\n\n\n\n<p><strong>Bragado<\/strong><\/p>\n\n\n\n<p>OSC referente: Fundaci\u00f3n Nuevo Horizonte, Bragado Club, Bomberos Voluntarios de Bragado.<\/p>\n\n\n\n<p>Red Coordinadora: Foro del Sector Social<\/p>\n\n\n\n<p><strong>Mendoza<\/strong><\/p>\n\n\n\n<p>OSC referente: Nuestra Mendoza<\/p>\n\n\n\n<p>Red Coordinadora: GDFE<\/p>\n\n\n\n<figure class=\"wp-block-gallery has-nested-images columns-default is-cropped wp-block-gallery-1 is-layout-flex wp-block-gallery-is-layout-flex\">\n<figure class=\"wp-block-image size-large\"><img fetchpriority=\"high\" decoding=\"async\" width=\"1024\" height=\"678\" data-id=\"391\" src=\"https:\/\/sociedadcivilenred.org.ar\/wp-content\/uploads\/2024\/01\/LOS-ESPACIOS-FEDERALES-INICIARON-SUS-ACTIVIDADES-1-1024x678.webp\" alt=\"\" class=\"wp-image-391\" srcset=\"https:\/\/sociedadcivilenred.org.ar\/wp-content\/uploads\/2024\/01\/LOS-ESPACIOS-FEDERALES-INICIARON-SUS-ACTIVIDADES-1-1024x678.webp 1024w, https:\/\/sociedadcivilenred.org.ar\/wp-content\/uploads\/2024\/01\/LOS-ESPACIOS-FEDERALES-INICIARON-SUS-ACTIVIDADES-1-300x199.webp 300w, https:\/\/sociedadcivilenred.org.ar\/wp-content\/uploads\/2024\/01\/LOS-ESPACIOS-FEDERALES-INICIARON-SUS-ACTIVIDADES-1-768x509.webp 768w, https:\/\/sociedadcivilenred.org.ar\/wp-content\/uploads\/2024\/01\/LOS-ESPACIOS-FEDERALES-INICIARON-SUS-ACTIVIDADES-1-1536x1017.webp 1536w, https:\/\/sociedadcivilenred.org.ar\/wp-content\/uploads\/2024\/01\/LOS-ESPACIOS-FEDERALES-INICIARON-SUS-ACTIVIDADES-1-2048x1356.webp 2048w, https:\/\/sociedadcivilenred.org.ar\/wp-content\/uploads\/2024\/01\/LOS-ESPACIOS-FEDERALES-INICIARON-SUS-ACTIVIDADES-1-285x190.webp 285w\" sizes=\"(max-width: 1024px) 100vw, 1024px\" \/><\/figure>\n\n\n\n<figure class=\"wp-block-image size-large\"><img decoding=\"async\" width=\"908\" height=\"682\" data-id=\"390\" src=\"https:\/\/sociedadcivilenred.org.ar\/wp-content\/uploads\/2024\/01\/LOS-ESPACIOS-FEDERALES-INICIARON-SUS-ACTIVIDADES.webp\" alt=\"\" class=\"wp-image-390\" srcset=\"https:\/\/sociedadcivilenred.org.ar\/wp-content\/uploads\/2024\/01\/LOS-ESPACIOS-FEDERALES-INICIARON-SUS-ACTIVIDADES.webp 908w, https:\/\/sociedadcivilenred.org.ar\/wp-content\/uploads\/2024\/01\/LOS-ESPACIOS-FEDERALES-INICIARON-SUS-ACTIVIDADES-300x225.webp 300w, https:\/\/sociedadcivilenred.org.ar\/wp-content\/uploads\/2024\/01\/LOS-ESPACIOS-FEDERALES-INICIARON-SUS-ACTIVIDADES-768x577.webp 768w\" sizes=\"(max-width: 908px) 100vw, 908px\" \/><\/figure>\n<\/figure>\n","protected":false},"excerpt":{"rendered":"<p>Los Espacios Regionales de Encuentro y Participaci\u00f3n de Sociedad Civil en Red son una nueva estrategia de fortalecimiento de OSC a nivel federal, que surgi\u00f3 como resultado de los Encuentros Regionales que realizamos en 8 ciudades del pa\u00eds durante 2018 y 2019. En estos encuentros, se puso de manifiesto la necesidad de mantener una articulaci\u00f3n eficaz para potenciar el trabajo que tantas OSC realizan en todo el pa\u00eds y para fortalecer su alcance en la incidencia pol\u00edtica. Por este motivo, implementamos la construcci\u00f3n de los nuevos espacios federales que facilitan el trabajo articulado de organizaciones y redes de alcance regional y, adem\u00e1s, buscan potenciar el desarrollo de actividades de comunicaci\u00f3n, capacitaci\u00f3n e incidencia en el \u00e1mbito local y regional. Las ciudades en las que se instalan los Espacios Regionales, las OSC referentes y las Redes que coordinan estos espacios son: Salta OSC referente: Salta Solidaria en Red Red Coordinadora: RACI Argentina La Plata OSC referente: Fundaci\u00f3n Pro Humanae Vitae Red Coordinadora: Foro del Sector Social Neuqu\u00e9n OSC referente: FUNDESUR Red Coordinadora: Federaci\u00f3n de Fundaciones Argentinas &#8211; FEDEFA C\u00f3rdoba OSC referente: Red de Participaci\u00f3n Social C\u00f3rdoba Red Coordinadora: Encuentro de Entidades No Gubernamentales para el Desarrollo Corrientes OSC referente: Fundaci\u00f3n Comunidad Red Coordinadora: Encuentro de Entidades No Gubernamentales para el Desarrollo Posadas OSC referente: Fundaci\u00f3n Prosperit\u00e1 Red Coordinadora: Federaci\u00f3n de Fundaciones Argentinas &#8211; FEDEFA Bragado OSC referente: Fundaci\u00f3n Nuevo Horizonte, Bragado Club, Bomberos Voluntarios de Bragado. Red Coordinadora: Foro del Sector Social Mendoza OSC referente: Nuestra Mendoza Red Coordinadora: GDFE<\/p>\n","protected":false},"author":2,"featured_media":390,"comment_status":"open","ping_status":"open","sticky":false,"template":"","format":"standard","meta":{"footnotes":""},"categories":[6,7],"tags":[],"class_list":["post-379","post","type-post","status-publish","format-standard","has-post-thumbnail","hentry","category-eventos","category-noticias"],"_links":{"self":[{"href":"https:\/\/sociedadcivilenred.org.ar\/index.php\/wp-json\/wp\/v2\/posts\/379","targetHints":{"allow":["GET"]}}],"collection":[{"href":"https:\/\/sociedadcivilenred.org.ar\/index.php\/wp-json\/wp\/v2\/posts"}],"about":[{"href":"https:\/\/sociedadcivilenred.org.ar\/index.php\/wp-json\/wp\/v2\/types\/post"}],"author":[{"embeddable":true,"href":"https:\/\/sociedadcivilenred.org.ar\/index.php\/wp-json\/wp\/v2\/users\/2"}],"replies":[{"embeddable":true,"href":"https:\/\/sociedadcivilenred.org.ar\/index.php\/wp-json\/wp\/v2\/comments?post=379"}],"version-history":[{"count":2,"href":"https:\/\/sociedadcivilenred.org.ar\/index.php\/wp-json\/wp\/v2\/posts\/379\/revisions"}],"predecessor-version":[{"id":392,"href":"https:\/\/sociedadcivilenred.org.ar\/index.php\/wp-json\/wp\/v2\/posts\/379\/revisions\/392"}],"wp:featuredmedia":[{"embeddable":true,"href":"https:\/\/sociedadcivilenred.org.ar\/index.php\/wp-json\/wp\/v2\/media\/390"}],"wp:attachment":[{"href":"https:\/\/sociedadcivilenred.org.ar\/index.php\/wp-json\/wp\/v2\/media?parent=379"}],"wp:term":[{"taxonomy":"category","embeddable":true,"href":"https:\/\/sociedadcivilenred.org.ar\/index.php\/wp-json\/wp\/v2\/categories?post=379"},{"taxonomy":"post_tag","embeddable":true,"href":"https:\/\/sociedadcivilenred.org.ar\/index.php\/wp-json\/wp\/v2\/tags?post=379"}],"curies":[{"name":"wp","href":"https:\/\/api.w.org\/{rel}","templated":true}]}}