{"id":386,"date":"2020-06-19T14:41:00","date_gmt":"2020-06-19T12:41:00","guid":{"rendered":"https:\/\/sociedadcivilenred.org.ar\/?p=386"},"modified":"2024-01-25T22:23:47","modified_gmt":"2024-01-25T21:23:47","slug":"reunion-con-el-ministro-de-desarrollo-social-estatuto-para-trabajadores-socio-comunitarios","status":"publish","type":"post","link":"https:\/\/sociedadcivilenred.org.ar\/index.php\/2020\/06\/19\/reunion-con-el-ministro-de-desarrollo-social-estatuto-para-trabajadores-socio-comunitarios\/","title":{"rendered":"Reuni\u00f3n con el Ministro de Desarrollo Social: Estatuto para trabajadores socio-comunitarios"},"content":{"rendered":"\n<p>Ayer, jueves 18 de junio, nos reunimos con el Lic. Daniel Arroyo, Ministro de Desarrollo Social, para presentar el \u201cEstatuto del\/la Trabajador\/a Socio-Comunitario\u201d, proyecto de ley que reconoce el valor de las personas que trabajan en las OSC y que fue elaborado por Sociedad Civil en Red, C\u00e1ritas Argentina, Red Sur, Interredes, Comisi\u00f3n Pro Bono y Red Hogares de Cristo.<\/p>\n\n\n\n<p>El Ministro se\u00f1al\u00f3 que, a pesar de la crisis y justamente por sus efectos, este es el momento de realizar reformas estructurales y que esta es una muy buena propuesta, necesaria y reclamada desde hace mucho tiempo.<\/p>\n\n\n\n<p>Se propuso coordinar una reuni\u00f3n con otras \u00e1reas del Poder Ejecutivo (Ministerio de Trabajo y AFIP) y Diputados Nacionales de los diversos bloques, para trabajar en consenso, lograr un tr\u00e1mite legislativo \u00e1gil y una pronta aprobaci\u00f3n de la ley.<\/p>\n\n\n\n<p><strong>Estuvieron presentes en la reuni\u00f3n:<\/strong><br>Ministro Daniel Arroyo y equipo; Diputada Nacional Mar\u00eda Rosa Mart\u00ednez; Laura Taffetani, Coordinadora de la Mesa de Marco Legal de Sociedad Civil en Red, Rodolfo Sosa, Universidad de La Plata; Mario Burgos, Secretario Ejecutivo de Sociedad Civil en Red; representantes de las redes miembro de Sociedad Civil en Red; C\u00e1ritas Naciona; Red Sur, C\u00e1ritas Quilmes y Red Angelelli; Interredes, C\u00e1ritas San Isidro, Red de Apoyo Escolar, Red El Encuentro y Red Andando; Comisi\u00f3n Pro Bono, Colegio de Abogados CABA; y Red Hogares de Cristo.<\/p>\n","protected":false},"excerpt":{"rendered":"<p>Ayer, jueves 18 de junio, nos reunimos con el Lic. Daniel Arroyo, Ministro de Desarrollo Social, para presentar el \u201cEstatuto del\/la Trabajador\/a Socio-Comunitario\u201d, proyecto de ley que reconoce el valor de las personas que trabajan en las OSC y que fue elaborado por Sociedad Civil en Red, C\u00e1ritas Argentina, Red Sur, Interredes, Comisi\u00f3n Pro Bono y Red Hogares de Cristo. El Ministro se\u00f1al\u00f3 que, a pesar de la crisis y justamente por sus efectos, este es el momento de realizar reformas estructurales y que esta es una muy buena propuesta, necesaria y reclamada desde hace mucho tiempo. Se propuso coordinar una reuni\u00f3n con otras \u00e1reas del Poder Ejecutivo (Ministerio de Trabajo y AFIP) y Diputados Nacionales de los diversos bloques, para trabajar en consenso, lograr un tr\u00e1mite legislativo \u00e1gil y una pronta aprobaci\u00f3n de la ley. Estuvieron presentes en la reuni\u00f3n:Ministro Daniel Arroyo y equipo; Diputada Nacional Mar\u00eda Rosa Mart\u00ednez; Laura Taffetani, Coordinadora de la Mesa de Marco Legal de Sociedad Civil en Red, Rodolfo Sosa, Universidad de La Plata; Mario Burgos, Secretario Ejecutivo de Sociedad Civil en Red; representantes de las redes miembro de Sociedad Civil en Red; C\u00e1ritas Naciona; Red Sur, C\u00e1ritas Quilmes y Red Angelelli; Interredes, C\u00e1ritas San Isidro, Red de Apoyo Escolar, Red El Encuentro y Red Andando; Comisi\u00f3n Pro Bono, Colegio de Abogados CABA; y Red Hogares de Cristo.<\/p>\n","protected":false},"author":2,"featured_media":387,"comment_status":"open","ping_status":"open","sticky":false,"template":"","format":"standard","meta":{"footnotes":""},"categories":[7],"tags":[],"class_list":["post-386","post","type-post","status-publish","format-standard","has-post-thumbnail","hentry","category-noticias"],"_links":{"self":[{"href":"https:\/\/sociedadcivilenred.org.ar\/index.php\/wp-json\/wp\/v2\/posts\/386","targetHints":{"allow":["GET"]}}],"collection":[{"href":"https:\/\/sociedadcivilenred.org.ar\/index.php\/wp-json\/wp\/v2\/posts"}],"about":[{"href":"https:\/\/sociedadcivilenred.org.ar\/index.php\/wp-json\/wp\/v2\/types\/post"}],"author":[{"embeddable":true,"href":"https:\/\/sociedadcivilenred.org.ar\/index.php\/wp-json\/wp\/v2\/users\/2"}],"replies":[{"embeddable":true,"href":"https:\/\/sociedadcivilenred.org.ar\/index.php\/wp-json\/wp\/v2\/comments?post=386"}],"version-history":[{"count":2,"href":"https:\/\/sociedadcivilenred.org.ar\/index.php\/wp-json\/wp\/v2\/posts\/386\/revisions"}],"predecessor-version":[{"id":395,"href":"https:\/\/sociedadcivilenred.org.ar\/index.php\/wp-json\/wp\/v2\/posts\/386\/revisions\/395"}],"wp:featuredmedia":[{"embeddable":true,"href":"https:\/\/sociedadcivilenred.org.ar\/index.php\/wp-json\/wp\/v2\/media\/387"}],"wp:attachment":[{"href":"https:\/\/sociedadcivilenred.org.ar\/index.php\/wp-json\/wp\/v2\/media?parent=386"}],"wp:term":[{"taxonomy":"category","embeddable":true,"href":"https:\/\/sociedadcivilenred.org.ar\/index.php\/wp-json\/wp\/v2\/categories?post=386"},{"taxonomy":"post_tag","embeddable":true,"href":"https:\/\/sociedadcivilenred.org.ar\/index.php\/wp-json\/wp\/v2\/tags?post=386"}],"curies":[{"name":"wp","href":"https:\/\/api.w.org\/{rel}","templated":true}]}}