{"id":397,"date":"2020-05-01T15:02:00","date_gmt":"2020-05-01T13:02:00","guid":{"rendered":"https:\/\/sociedadcivilenred.org.ar\/?p=397"},"modified":"2024-01-25T22:23:47","modified_gmt":"2024-01-25T21:23:47","slug":"trabajadoras-y-trabajadores-socio-comunitarios-requieren-un-estatuto-que-los-proteja","status":"publish","type":"post","link":"https:\/\/sociedadcivilenred.org.ar\/index.php\/2020\/05\/01\/trabajadoras-y-trabajadores-socio-comunitarios-requieren-un-estatuto-que-los-proteja\/","title":{"rendered":"Trabajadoras y trabajadores socio-comunitarios requieren un estatuto que los proteja"},"content":{"rendered":"\n<p>Hoy, en el D\u00eda Internacional del trabajador, queremos saludar a todos los trabajadores y trabajadoras y, en particular, a aquellos y aquellas que con su labor contribuyen al cuidado, a la educaci\u00f3n y al acompa\u00f1amiento de las poblaciones m\u00e1s vulnerables no s\u00f3lo en contexto de emergencia sanitaria como el actual, sino todos los d\u00edas.<\/p>\n\n\n\n<p>Como reconocimiento a su trabajo, desde Sociedad Civil en Red junto a C\u00e1ritas Nacional, Red Interredes, Colegio de Abogados Pro Bono y Red Sur elaboramos un Proyecto de Estatuto para trabajadoras y trabajadores Socio-Comunitarios, una normativa para proteger y regular las actividades de estos trabajadores que presentaremos este a\u00f1o al Congreso.<\/p>\n","protected":false},"excerpt":{"rendered":"<p>Hoy, en el D\u00eda Internacional del trabajador, queremos saludar a todos los trabajadores y trabajadoras y, en particular, a aquellos y aquellas que con su labor contribuyen al cuidado, a la educaci\u00f3n y al acompa\u00f1amiento de las poblaciones m\u00e1s vulnerables no s\u00f3lo en contexto de emergencia sanitaria como el actual, sino todos los d\u00edas. Como reconocimiento a su trabajo, desde Sociedad Civil en Red junto a C\u00e1ritas Nacional, Red Interredes, Colegio de Abogados Pro Bono y Red Sur elaboramos un Proyecto de Estatuto para trabajadoras y trabajadores Socio-Comunitarios, una normativa para proteger y regular las actividades de estos trabajadores que presentaremos este a\u00f1o al Congreso.<\/p>\n","protected":false},"author":2,"featured_media":398,"comment_status":"open","ping_status":"open","sticky":false,"template":"","format":"standard","meta":{"footnotes":""},"categories":[7],"tags":[],"class_list":["post-397","post","type-post","status-publish","format-standard","has-post-thumbnail","hentry","category-noticias"],"_links":{"self":[{"href":"https:\/\/sociedadcivilenred.org.ar\/index.php\/wp-json\/wp\/v2\/posts\/397","targetHints":{"allow":["GET"]}}],"collection":[{"href":"https:\/\/sociedadcivilenred.org.ar\/index.php\/wp-json\/wp\/v2\/posts"}],"about":[{"href":"https:\/\/sociedadcivilenred.org.ar\/index.php\/wp-json\/wp\/v2\/types\/post"}],"author":[{"embeddable":true,"href":"https:\/\/sociedadcivilenred.org.ar\/index.php\/wp-json\/wp\/v2\/users\/2"}],"replies":[{"embeddable":true,"href":"https:\/\/sociedadcivilenred.org.ar\/index.php\/wp-json\/wp\/v2\/comments?post=397"}],"version-history":[{"count":1,"href":"https:\/\/sociedadcivilenred.org.ar\/index.php\/wp-json\/wp\/v2\/posts\/397\/revisions"}],"predecessor-version":[{"id":399,"href":"https:\/\/sociedadcivilenred.org.ar\/index.php\/wp-json\/wp\/v2\/posts\/397\/revisions\/399"}],"wp:featuredmedia":[{"embeddable":true,"href":"https:\/\/sociedadcivilenred.org.ar\/index.php\/wp-json\/wp\/v2\/media\/398"}],"wp:attachment":[{"href":"https:\/\/sociedadcivilenred.org.ar\/index.php\/wp-json\/wp\/v2\/media?parent=397"}],"wp:term":[{"taxonomy":"category","embeddable":true,"href":"https:\/\/sociedadcivilenred.org.ar\/index.php\/wp-json\/wp\/v2\/categories?post=397"},{"taxonomy":"post_tag","embeddable":true,"href":"https:\/\/sociedadcivilenred.org.ar\/index.php\/wp-json\/wp\/v2\/tags?post=397"}],"curies":[{"name":"wp","href":"https:\/\/api.w.org\/{rel}","templated":true}]}}