{"id":400,"date":"2020-04-22T15:07:00","date_gmt":"2020-04-22T13:07:00","guid":{"rendered":"https:\/\/sociedadcivilenred.org.ar\/?p=400"},"modified":"2024-01-25T22:23:47","modified_gmt":"2024-01-25T21:23:47","slug":"reunion-con-el-ministro-de-desarrollo-social-de-la-nacion","status":"publish","type":"post","link":"https:\/\/sociedadcivilenred.org.ar\/index.php\/2020\/04\/22\/reunion-con-el-ministro-de-desarrollo-social-de-la-nacion\/","title":{"rendered":"REUNI\u00d3N CON EL MINISTRO DE DESARROLLO SOCIAL DE LA NACI\u00d3N"},"content":{"rendered":"\n<p>En el d\u00eda de hoy, representantes de Sociedad Civil en Red, integrada por la Red Encuentro de Entidades No Gubernamentales para el Desarrollo, Federaci\u00f3n de Fundaciones Argentinas (FEDEFA), Foro del Sector Social, GDFE, RACI Argentina y Red Bancos de Alimentos, se reunieron con el Lic. Daniel Arroyo, Ministro de Desarrollo Social de la Naci\u00f3n, con el objetivo de presentarle un documento sobre la realidad de las OSC en la presente emergencia social, sobre todo en lo referente a las medidas legales, fiscales y econ\u00f3micas que el Gobierno est\u00e1 implementando y la necesidad de incluir a las OSC en ellas.<\/p>\n\n\n\n<p>En un clima de mucho compromiso e inter\u00e9s com\u00fan por la tem\u00e1tica que nos convocaba, el Ministro expres\u00f3 su valoraci\u00f3n altamente positiva sobre el rol de las OSC en la comunidad en general y en particular en esta emergencia, y recibi\u00f3 con mucha atenci\u00f3n nuestra presentaci\u00f3n.<\/p>\n\n\n\n<p><br>Se acord\u00f3 fortalecer un canal directo de trabajo en com\u00fan, para avanzar en todo lo referente al fortalecimiento del sector social y sostuvo que \u201ces importante incorporar a las organizaciones, a las iglesias y a otro tipo de entidades en las medidas que facilitan y ayudan en lo econ\u00f3mico,fiscal y legal que est\u00e1 instrumentando el gobierno en estos momentos\u201d.<\/p>\n\n\n\n<p><br>El Ministro Daniel Arroyo manifest\u00f3 estar trabajando en \u201catender la emergencia, pero tambi\u00e9n y, sobre todo, en pensar c\u00f3mo salir de esta coyuntura, c\u00f3mo se construye un futuro con oportunidades para todos\u201d. Y agreg\u00f3: \u201cHay que fortalecer a los que hacen, y vienen haciendo desde hace mucho. En este sentido, queremos fortalecer el trabajo articulado que se viene haciendo con las organizaciones y abrir nuevos caminos y nuevas instancias de colaboraci\u00f3n.\u201d<\/p>\n\n\n\n<p><br>Tambi\u00e9n hizo referencia a la importancia del rol del ministerio: \u201cEntendemos el rol de nuestro Ministerio como un gran articulador, entre distintas instancias de gobierno, para escuchar y proponer cambios y ajustes necesarios, en los distintos \u00e1mbitos como el trabajo, el cr\u00e9dito, etc.\u201d<\/p>\n\n\n\n<p><br>Y expres\u00f3 que \u201ces esencial el trabajo de las organizaciones y los voluntarios en esta emergencia; en primer lugar, est\u00e1n los trabajadores de la salud, e inmediatamente, las organizaciones sociales como agentes de contenci\u00f3n y ayuda a los m\u00e1s afectados.\u201d<\/p>\n\n\n\n<p><br>Desde Sociedad Civil en Red agradecemos al Sr. Ministro y a su equipo la posibilidad de establecer esta l\u00ednea de trabajo en com\u00fan, que esperamos ver traducida en resultados concretos para la calidad de vida de toda la comunidad.<\/p>\n","protected":false},"excerpt":{"rendered":"<p>En el d\u00eda de hoy, representantes de Sociedad Civil en Red, integrada por la Red Encuentro de Entidades No Gubernamentales para el Desarrollo, Federaci\u00f3n de Fundaciones Argentinas (FEDEFA), Foro del Sector Social, GDFE, RACI Argentina y Red Bancos de Alimentos, se reunieron con el Lic. Daniel Arroyo, Ministro de Desarrollo Social de la Naci\u00f3n, con el objetivo de presentarle un documento sobre la realidad de las OSC en la presente emergencia social, sobre todo en lo referente a las medidas legales, fiscales y econ\u00f3micas que el Gobierno est\u00e1 implementando y la necesidad de incluir a las OSC en ellas. En un clima de mucho compromiso e inter\u00e9s com\u00fan por la tem\u00e1tica que nos convocaba, el Ministro expres\u00f3 su valoraci\u00f3n altamente positiva sobre el rol de las OSC en la comunidad en general y en particular en esta emergencia, y recibi\u00f3 con mucha atenci\u00f3n nuestra presentaci\u00f3n. Se acord\u00f3 fortalecer un canal directo de trabajo en com\u00fan, para avanzar en todo lo referente al fortalecimiento del sector social y sostuvo que \u201ces importante incorporar a las organizaciones, a las iglesias y a otro tipo de entidades en las medidas que facilitan y ayudan en lo econ\u00f3mico,fiscal y legal que est\u00e1 instrumentando el gobierno en estos momentos\u201d. El Ministro Daniel Arroyo manifest\u00f3 estar trabajando en \u201catender la emergencia, pero tambi\u00e9n y, sobre todo, en pensar c\u00f3mo salir de esta coyuntura, c\u00f3mo se construye un futuro con oportunidades para todos\u201d. Y agreg\u00f3: \u201cHay que fortalecer a los que hacen, y vienen haciendo desde hace mucho. En este sentido, queremos fortalecer el trabajo articulado que se viene haciendo con las organizaciones y abrir nuevos caminos y nuevas instancias de colaboraci\u00f3n.\u201d Tambi\u00e9n hizo referencia a la importancia del rol del ministerio: \u201cEntendemos el rol de nuestro Ministerio como un gran articulador, entre distintas instancias de gobierno, para escuchar y proponer cambios y ajustes necesarios, en los distintos \u00e1mbitos como el trabajo, el cr\u00e9dito, etc.\u201d Y expres\u00f3 que \u201ces esencial el trabajo de las organizaciones y los voluntarios en esta emergencia; en primer lugar, est\u00e1n los trabajadores de la salud, e inmediatamente, las organizaciones sociales como agentes de contenci\u00f3n y ayuda a los m\u00e1s afectados.\u201d Desde Sociedad Civil en Red agradecemos al Sr. Ministro y a su equipo la posibilidad de establecer esta l\u00ednea de trabajo en com\u00fan, que esperamos ver traducida en resultados concretos para la calidad de vida de toda la comunidad.<\/p>\n","protected":false},"author":2,"featured_media":0,"comment_status":"open","ping_status":"open","sticky":false,"template":"","format":"standard","meta":{"footnotes":""},"categories":[7],"tags":[],"class_list":["post-400","post","type-post","status-publish","format-standard","hentry","category-noticias"],"_links":{"self":[{"href":"https:\/\/sociedadcivilenred.org.ar\/index.php\/wp-json\/wp\/v2\/posts\/400","targetHints":{"allow":["GET"]}}],"collection":[{"href":"https:\/\/sociedadcivilenred.org.ar\/index.php\/wp-json\/wp\/v2\/posts"}],"about":[{"href":"https:\/\/sociedadcivilenred.org.ar\/index.php\/wp-json\/wp\/v2\/types\/post"}],"author":[{"embeddable":true,"href":"https:\/\/sociedadcivilenred.org.ar\/index.php\/wp-json\/wp\/v2\/users\/2"}],"replies":[{"embeddable":true,"href":"https:\/\/sociedadcivilenred.org.ar\/index.php\/wp-json\/wp\/v2\/comments?post=400"}],"version-history":[{"count":1,"href":"https:\/\/sociedadcivilenred.org.ar\/index.php\/wp-json\/wp\/v2\/posts\/400\/revisions"}],"predecessor-version":[{"id":401,"href":"https:\/\/sociedadcivilenred.org.ar\/index.php\/wp-json\/wp\/v2\/posts\/400\/revisions\/401"}],"wp:attachment":[{"href":"https:\/\/sociedadcivilenred.org.ar\/index.php\/wp-json\/wp\/v2\/media?parent=400"}],"wp:term":[{"taxonomy":"category","embeddable":true,"href":"https:\/\/sociedadcivilenred.org.ar\/index.php\/wp-json\/wp\/v2\/categories?post=400"},{"taxonomy":"post_tag","embeddable":true,"href":"https:\/\/sociedadcivilenred.org.ar\/index.php\/wp-json\/wp\/v2\/tags?post=400"}],"curies":[{"name":"wp","href":"https:\/\/api.w.org\/{rel}","templated":true}]}}