{"id":429,"date":"2019-08-26T15:32:00","date_gmt":"2019-08-26T13:32:00","guid":{"rendered":"https:\/\/sociedadcivilenred.org.ar\/?p=429"},"modified":"2024-01-25T22:23:47","modified_gmt":"2024-01-25T21:23:47","slug":"realizamos-el-7-encuentro-regional-de-sociedad-civil-en-red-en-bragado","status":"publish","type":"post","link":"https:\/\/sociedadcivilenred.org.ar\/index.php\/2019\/08\/26\/realizamos-el-7-encuentro-regional-de-sociedad-civil-en-red-en-bragado\/","title":{"rendered":"Realizamos el 7\u00b0 Encuentro Regional de Sociedad Civil en Red en Bragado"},"content":{"rendered":"\n<p>El viernes 23 de agosto realizamos el 7\u00b0 Encuentro Regional de OSC y Pol\u00edticas P\u00fablicas en la ciudad de Bragado, provincia de Buenos Aires.<\/p>\n\n\n\n<p>Asistieron m\u00e1s de 80 organizaciones y m\u00e1s de 200 participantes provenientes de 23 Municipios; y contamos con la presencia de representantes nacionales; representantes de entidades gubernamentales provinciales y municipales; y referentes de empresas.<\/p>\n\n\n\n<p>Se expuso sobre la necesidad de que los ciudadanos participemos en la construcci\u00f3n de pol\u00edticas p\u00fablicas y la importancia de trabajar en red para conseguir fines comunes m\u00e1s all\u00e1 de las diferencias. Adem\u00e1s, los expositores destacaron que el Estado tiene un rol clave para promover la articulaci\u00f3n de la sociedad civil con organismos p\u00fablicos y empresas privadas.<\/p>\n\n\n\n<p>Agrademos la participaci\u00f3n de todos y el apoyo en la organizaci\u00f3n al Foro del Sector Social, miembro de Sociedad Civil en Red.<\/p>\n\n\n\n<figure class=\"wp-block-gallery has-nested-images columns-default is-cropped wp-block-gallery-1 is-layout-flex wp-block-gallery-is-layout-flex\">\n<figure class=\"wp-block-image size-large\"><img fetchpriority=\"high\" decoding=\"async\" width=\"682\" height=\"1024\" data-id=\"430\" src=\"https:\/\/sociedadcivilenred.org.ar\/wp-content\/uploads\/2024\/01\/Realizamos-el-7\u00b0-Encuentro-Regional-de-Sociedad-Civil-en-Red-en-Bragado-12-682x1024.webp\" alt=\"\" class=\"wp-image-430\" srcset=\"https:\/\/sociedadcivilenred.org.ar\/wp-content\/uploads\/2024\/01\/Realizamos-el-7\u00b0-Encuentro-Regional-de-Sociedad-Civil-en-Red-en-Bragado-12-682x1024.webp 682w, https:\/\/sociedadcivilenred.org.ar\/wp-content\/uploads\/2024\/01\/Realizamos-el-7\u00b0-Encuentro-Regional-de-Sociedad-Civil-en-Red-en-Bragado-12-200x300.webp 200w, https:\/\/sociedadcivilenred.org.ar\/wp-content\/uploads\/2024\/01\/Realizamos-el-7\u00b0-Encuentro-Regional-de-Sociedad-Civil-en-Red-en-Bragado-12-768x1152.webp 768w, https:\/\/sociedadcivilenred.org.ar\/wp-content\/uploads\/2024\/01\/Realizamos-el-7\u00b0-Encuentro-Regional-de-Sociedad-Civil-en-Red-en-Bragado-12-1024x1536.webp 1024w, https:\/\/sociedadcivilenred.org.ar\/wp-content\/uploads\/2024\/01\/Realizamos-el-7\u00b0-Encuentro-Regional-de-Sociedad-Civil-en-Red-en-Bragado-12.webp 1333w\" sizes=\"(max-width: 682px) 100vw, 682px\" \/><\/figure>\n\n\n\n<figure class=\"wp-block-image size-large\"><img decoding=\"async\" width=\"1024\" height=\"683\" data-id=\"431\" src=\"https:\/\/sociedadcivilenred.org.ar\/wp-content\/uploads\/2024\/01\/Realizamos-el-7\u00b0-Encuentro-Regional-de-Sociedad-Civil-en-Red-en-Bragado-1-1024x683.webp\" alt=\"\" class=\"wp-image-431\" srcset=\"https:\/\/sociedadcivilenred.org.ar\/wp-content\/uploads\/2024\/01\/Realizamos-el-7\u00b0-Encuentro-Regional-de-Sociedad-Civil-en-Red-en-Bragado-1-1024x683.webp 1024w, https:\/\/sociedadcivilenred.org.ar\/wp-content\/uploads\/2024\/01\/Realizamos-el-7\u00b0-Encuentro-Regional-de-Sociedad-Civil-en-Red-en-Bragado-1-300x200.webp 300w, https:\/\/sociedadcivilenred.org.ar\/wp-content\/uploads\/2024\/01\/Realizamos-el-7\u00b0-Encuentro-Regional-de-Sociedad-Civil-en-Red-en-Bragado-1-768x512.webp 768w, https:\/\/sociedadcivilenred.org.ar\/wp-content\/uploads\/2024\/01\/Realizamos-el-7\u00b0-Encuentro-Regional-de-Sociedad-Civil-en-Red-en-Bragado-1-1536x1024.webp 1536w, https:\/\/sociedadcivilenred.org.ar\/wp-content\/uploads\/2024\/01\/Realizamos-el-7\u00b0-Encuentro-Regional-de-Sociedad-Civil-en-Red-en-Bragado-1-2048x1365.webp 2048w, https:\/\/sociedadcivilenred.org.ar\/wp-content\/uploads\/2024\/01\/Realizamos-el-7\u00b0-Encuentro-Regional-de-Sociedad-Civil-en-Red-en-Bragado-1-570x380.webp 570w, https:\/\/sociedadcivilenred.org.ar\/wp-content\/uploads\/2024\/01\/Realizamos-el-7\u00b0-Encuentro-Regional-de-Sociedad-Civil-en-Red-en-Bragado-1-380x254.webp 380w, https:\/\/sociedadcivilenred.org.ar\/wp-content\/uploads\/2024\/01\/Realizamos-el-7\u00b0-Encuentro-Regional-de-Sociedad-Civil-en-Red-en-Bragado-1-285x190.webp 285w\" sizes=\"(max-width: 1024px) 100vw, 1024px\" \/><\/figure>\n\n\n\n<figure class=\"wp-block-image size-large\"><img decoding=\"async\" width=\"682\" height=\"1024\" data-id=\"432\" src=\"https:\/\/sociedadcivilenred.org.ar\/wp-content\/uploads\/2024\/01\/Realizamos-el-7\u00b0-Encuentro-Regional-de-Sociedad-Civil-en-Red-en-Bragado-2-682x1024.webp\" alt=\"\" class=\"wp-image-432\" srcset=\"https:\/\/sociedadcivilenred.org.ar\/wp-content\/uploads\/2024\/01\/Realizamos-el-7\u00b0-Encuentro-Regional-de-Sociedad-Civil-en-Red-en-Bragado-2-682x1024.webp 682w, https:\/\/sociedadcivilenred.org.ar\/wp-content\/uploads\/2024\/01\/Realizamos-el-7\u00b0-Encuentro-Regional-de-Sociedad-Civil-en-Red-en-Bragado-2-200x300.webp 200w, https:\/\/sociedadcivilenred.org.ar\/wp-content\/uploads\/2024\/01\/Realizamos-el-7\u00b0-Encuentro-Regional-de-Sociedad-Civil-en-Red-en-Bragado-2-768x1152.webp 768w, https:\/\/sociedadcivilenred.org.ar\/wp-content\/uploads\/2024\/01\/Realizamos-el-7\u00b0-Encuentro-Regional-de-Sociedad-Civil-en-Red-en-Bragado-2-1024x1536.webp 1024w, https:\/\/sociedadcivilenred.org.ar\/wp-content\/uploads\/2024\/01\/Realizamos-el-7\u00b0-Encuentro-Regional-de-Sociedad-Civil-en-Red-en-Bragado-2.webp 1333w\" sizes=\"(max-width: 682px) 100vw, 682px\" \/><\/figure>\n\n\n\n<figure class=\"wp-block-image size-large\"><img loading=\"lazy\" decoding=\"async\" width=\"682\" height=\"1024\" data-id=\"433\" src=\"https:\/\/sociedadcivilenred.org.ar\/wp-content\/uploads\/2024\/01\/Realizamos-el-7\u00b0-Encuentro-Regional-de-Sociedad-Civil-en-Red-en-Bragado-3-682x1024.webp\" alt=\"\" class=\"wp-image-433\" srcset=\"https:\/\/sociedadcivilenred.org.ar\/wp-content\/uploads\/2024\/01\/Realizamos-el-7\u00b0-Encuentro-Regional-de-Sociedad-Civil-en-Red-en-Bragado-3-682x1024.webp 682w, https:\/\/sociedadcivilenred.org.ar\/wp-content\/uploads\/2024\/01\/Realizamos-el-7\u00b0-Encuentro-Regional-de-Sociedad-Civil-en-Red-en-Bragado-3-200x300.webp 200w, https:\/\/sociedadcivilenred.org.ar\/wp-content\/uploads\/2024\/01\/Realizamos-el-7\u00b0-Encuentro-Regional-de-Sociedad-Civil-en-Red-en-Bragado-3-768x1152.webp 768w, https:\/\/sociedadcivilenred.org.ar\/wp-content\/uploads\/2024\/01\/Realizamos-el-7\u00b0-Encuentro-Regional-de-Sociedad-Civil-en-Red-en-Bragado-3-1024x1536.webp 1024w, https:\/\/sociedadcivilenred.org.ar\/wp-content\/uploads\/2024\/01\/Realizamos-el-7\u00b0-Encuentro-Regional-de-Sociedad-Civil-en-Red-en-Bragado-3.webp 1333w\" sizes=\"(max-width: 682px) 100vw, 682px\" \/><\/figure>\n\n\n\n<figure class=\"wp-block-image size-large\"><img loading=\"lazy\" decoding=\"async\" width=\"1024\" height=\"683\" data-id=\"434\" src=\"https:\/\/sociedadcivilenred.org.ar\/wp-content\/uploads\/2024\/01\/Realizamos-el-7\u00b0-Encuentro-Regional-de-Sociedad-Civil-en-Red-en-Bragado-4-1024x683.webp\" alt=\"\" class=\"wp-image-434\" srcset=\"https:\/\/sociedadcivilenred.org.ar\/wp-content\/uploads\/2024\/01\/Realizamos-el-7\u00b0-Encuentro-Regional-de-Sociedad-Civil-en-Red-en-Bragado-4-1024x683.webp 1024w, https:\/\/sociedadcivilenred.org.ar\/wp-content\/uploads\/2024\/01\/Realizamos-el-7\u00b0-Encuentro-Regional-de-Sociedad-Civil-en-Red-en-Bragado-4-300x200.webp 300w, https:\/\/sociedadcivilenred.org.ar\/wp-content\/uploads\/2024\/01\/Realizamos-el-7\u00b0-Encuentro-Regional-de-Sociedad-Civil-en-Red-en-Bragado-4-768x512.webp 768w, https:\/\/sociedadcivilenred.org.ar\/wp-content\/uploads\/2024\/01\/Realizamos-el-7\u00b0-Encuentro-Regional-de-Sociedad-Civil-en-Red-en-Bragado-4-1536x1024.webp 1536w, https:\/\/sociedadcivilenred.org.ar\/wp-content\/uploads\/2024\/01\/Realizamos-el-7\u00b0-Encuentro-Regional-de-Sociedad-Civil-en-Red-en-Bragado-4-2048x1365.webp 2048w, https:\/\/sociedadcivilenred.org.ar\/wp-content\/uploads\/2024\/01\/Realizamos-el-7\u00b0-Encuentro-Regional-de-Sociedad-Civil-en-Red-en-Bragado-4-570x380.webp 570w, https:\/\/sociedadcivilenred.org.ar\/wp-content\/uploads\/2024\/01\/Realizamos-el-7\u00b0-Encuentro-Regional-de-Sociedad-Civil-en-Red-en-Bragado-4-380x254.webp 380w, https:\/\/sociedadcivilenred.org.ar\/wp-content\/uploads\/2024\/01\/Realizamos-el-7\u00b0-Encuentro-Regional-de-Sociedad-Civil-en-Red-en-Bragado-4-285x190.webp 285w\" sizes=\"(max-width: 1024px) 100vw, 1024px\" \/><\/figure>\n\n\n\n<figure class=\"wp-block-image size-large\"><img loading=\"lazy\" decoding=\"async\" width=\"1024\" height=\"683\" data-id=\"435\" src=\"https:\/\/sociedadcivilenred.org.ar\/wp-content\/uploads\/2024\/01\/Realizamos-el-7\u00b0-Encuentro-Regional-de-Sociedad-Civil-en-Red-en-Bragado-5-1024x683.webp\" alt=\"\" class=\"wp-image-435\" srcset=\"https:\/\/sociedadcivilenred.org.ar\/wp-content\/uploads\/2024\/01\/Realizamos-el-7\u00b0-Encuentro-Regional-de-Sociedad-Civil-en-Red-en-Bragado-5-1024x683.webp 1024w, https:\/\/sociedadcivilenred.org.ar\/wp-content\/uploads\/2024\/01\/Realizamos-el-7\u00b0-Encuentro-Regional-de-Sociedad-Civil-en-Red-en-Bragado-5-300x200.webp 300w, https:\/\/sociedadcivilenred.org.ar\/wp-content\/uploads\/2024\/01\/Realizamos-el-7\u00b0-Encuentro-Regional-de-Sociedad-Civil-en-Red-en-Bragado-5-768x512.webp 768w, https:\/\/sociedadcivilenred.org.ar\/wp-content\/uploads\/2024\/01\/Realizamos-el-7\u00b0-Encuentro-Regional-de-Sociedad-Civil-en-Red-en-Bragado-5-1536x1024.webp 1536w, https:\/\/sociedadcivilenred.org.ar\/wp-content\/uploads\/2024\/01\/Realizamos-el-7\u00b0-Encuentro-Regional-de-Sociedad-Civil-en-Red-en-Bragado-5-2048x1365.webp 2048w, https:\/\/sociedadcivilenred.org.ar\/wp-content\/uploads\/2024\/01\/Realizamos-el-7\u00b0-Encuentro-Regional-de-Sociedad-Civil-en-Red-en-Bragado-5-570x380.webp 570w, https:\/\/sociedadcivilenred.org.ar\/wp-content\/uploads\/2024\/01\/Realizamos-el-7\u00b0-Encuentro-Regional-de-Sociedad-Civil-en-Red-en-Bragado-5-380x254.webp 380w, https:\/\/sociedadcivilenred.org.ar\/wp-content\/uploads\/2024\/01\/Realizamos-el-7\u00b0-Encuentro-Regional-de-Sociedad-Civil-en-Red-en-Bragado-5-285x190.webp 285w\" sizes=\"(max-width: 1024px) 100vw, 1024px\" \/><\/figure>\n\n\n\n<figure class=\"wp-block-image size-large\"><img loading=\"lazy\" decoding=\"async\" width=\"1024\" height=\"683\" data-id=\"436\" src=\"https:\/\/sociedadcivilenred.org.ar\/wp-content\/uploads\/2024\/01\/Realizamos-el-7\u00b0-Encuentro-Regional-de-Sociedad-Civil-en-Red-en-Bragado-6-1024x683.webp\" alt=\"\" class=\"wp-image-436\" srcset=\"https:\/\/sociedadcivilenred.org.ar\/wp-content\/uploads\/2024\/01\/Realizamos-el-7\u00b0-Encuentro-Regional-de-Sociedad-Civil-en-Red-en-Bragado-6-1024x683.webp 1024w, https:\/\/sociedadcivilenred.org.ar\/wp-content\/uploads\/2024\/01\/Realizamos-el-7\u00b0-Encuentro-Regional-de-Sociedad-Civil-en-Red-en-Bragado-6-300x200.webp 300w, https:\/\/sociedadcivilenred.org.ar\/wp-content\/uploads\/2024\/01\/Realizamos-el-7\u00b0-Encuentro-Regional-de-Sociedad-Civil-en-Red-en-Bragado-6-768x512.webp 768w, https:\/\/sociedadcivilenred.org.ar\/wp-content\/uploads\/2024\/01\/Realizamos-el-7\u00b0-Encuentro-Regional-de-Sociedad-Civil-en-Red-en-Bragado-6-1536x1024.webp 1536w, https:\/\/sociedadcivilenred.org.ar\/wp-content\/uploads\/2024\/01\/Realizamos-el-7\u00b0-Encuentro-Regional-de-Sociedad-Civil-en-Red-en-Bragado-6-2048x1365.webp 2048w, https:\/\/sociedadcivilenred.org.ar\/wp-content\/uploads\/2024\/01\/Realizamos-el-7\u00b0-Encuentro-Regional-de-Sociedad-Civil-en-Red-en-Bragado-6-570x380.webp 570w, https:\/\/sociedadcivilenred.org.ar\/wp-content\/uploads\/2024\/01\/Realizamos-el-7\u00b0-Encuentro-Regional-de-Sociedad-Civil-en-Red-en-Bragado-6-380x254.webp 380w, https:\/\/sociedadcivilenred.org.ar\/wp-content\/uploads\/2024\/01\/Realizamos-el-7\u00b0-Encuentro-Regional-de-Sociedad-Civil-en-Red-en-Bragado-6-285x190.webp 285w\" sizes=\"(max-width: 1024px) 100vw, 1024px\" \/><\/figure>\n\n\n\n<figure class=\"wp-block-image size-large\"><img loading=\"lazy\" decoding=\"async\" width=\"1024\" height=\"683\" data-id=\"437\" src=\"https:\/\/sociedadcivilenred.org.ar\/wp-content\/uploads\/2024\/01\/Realizamos-el-7\u00b0-Encuentro-Regional-de-Sociedad-Civil-en-Red-en-Bragado-7-1024x683.webp\" alt=\"\" class=\"wp-image-437\" srcset=\"https:\/\/sociedadcivilenred.org.ar\/wp-content\/uploads\/2024\/01\/Realizamos-el-7\u00b0-Encuentro-Regional-de-Sociedad-Civil-en-Red-en-Bragado-7-1024x683.webp 1024w, https:\/\/sociedadcivilenred.org.ar\/wp-content\/uploads\/2024\/01\/Realizamos-el-7\u00b0-Encuentro-Regional-de-Sociedad-Civil-en-Red-en-Bragado-7-300x200.webp 300w, https:\/\/sociedadcivilenred.org.ar\/wp-content\/uploads\/2024\/01\/Realizamos-el-7\u00b0-Encuentro-Regional-de-Sociedad-Civil-en-Red-en-Bragado-7-768x512.webp 768w, https:\/\/sociedadcivilenred.org.ar\/wp-content\/uploads\/2024\/01\/Realizamos-el-7\u00b0-Encuentro-Regional-de-Sociedad-Civil-en-Red-en-Bragado-7-1536x1024.webp 1536w, https:\/\/sociedadcivilenred.org.ar\/wp-content\/uploads\/2024\/01\/Realizamos-el-7\u00b0-Encuentro-Regional-de-Sociedad-Civil-en-Red-en-Bragado-7-2048x1365.webp 2048w, https:\/\/sociedadcivilenred.org.ar\/wp-content\/uploads\/2024\/01\/Realizamos-el-7\u00b0-Encuentro-Regional-de-Sociedad-Civil-en-Red-en-Bragado-7-570x380.webp 570w, https:\/\/sociedadcivilenred.org.ar\/wp-content\/uploads\/2024\/01\/Realizamos-el-7\u00b0-Encuentro-Regional-de-Sociedad-Civil-en-Red-en-Bragado-7-380x254.webp 380w, https:\/\/sociedadcivilenred.org.ar\/wp-content\/uploads\/2024\/01\/Realizamos-el-7\u00b0-Encuentro-Regional-de-Sociedad-Civil-en-Red-en-Bragado-7-285x190.webp 285w\" sizes=\"(max-width: 1024px) 100vw, 1024px\" \/><\/figure>\n\n\n\n<figure class=\"wp-block-image size-large\"><img loading=\"lazy\" decoding=\"async\" width=\"1024\" height=\"683\" data-id=\"438\" src=\"https:\/\/sociedadcivilenred.org.ar\/wp-content\/uploads\/2024\/01\/Realizamos-el-7\u00b0-Encuentro-Regional-de-Sociedad-Civil-en-Red-en-Bragado-8-1024x683.webp\" alt=\"\" class=\"wp-image-438\" srcset=\"https:\/\/sociedadcivilenred.org.ar\/wp-content\/uploads\/2024\/01\/Realizamos-el-7\u00b0-Encuentro-Regional-de-Sociedad-Civil-en-Red-en-Bragado-8-1024x683.webp 1024w, https:\/\/sociedadcivilenred.org.ar\/wp-content\/uploads\/2024\/01\/Realizamos-el-7\u00b0-Encuentro-Regional-de-Sociedad-Civil-en-Red-en-Bragado-8-300x200.webp 300w, https:\/\/sociedadcivilenred.org.ar\/wp-content\/uploads\/2024\/01\/Realizamos-el-7\u00b0-Encuentro-Regional-de-Sociedad-Civil-en-Red-en-Bragado-8-768x512.webp 768w, https:\/\/sociedadcivilenred.org.ar\/wp-content\/uploads\/2024\/01\/Realizamos-el-7\u00b0-Encuentro-Regional-de-Sociedad-Civil-en-Red-en-Bragado-8-1536x1024.webp 1536w, https:\/\/sociedadcivilenred.org.ar\/wp-content\/uploads\/2024\/01\/Realizamos-el-7\u00b0-Encuentro-Regional-de-Sociedad-Civil-en-Red-en-Bragado-8-2048x1365.webp 2048w, https:\/\/sociedadcivilenred.org.ar\/wp-content\/uploads\/2024\/01\/Realizamos-el-7\u00b0-Encuentro-Regional-de-Sociedad-Civil-en-Red-en-Bragado-8-570x380.webp 570w, https:\/\/sociedadcivilenred.org.ar\/wp-content\/uploads\/2024\/01\/Realizamos-el-7\u00b0-Encuentro-Regional-de-Sociedad-Civil-en-Red-en-Bragado-8-380x254.webp 380w, https:\/\/sociedadcivilenred.org.ar\/wp-content\/uploads\/2024\/01\/Realizamos-el-7\u00b0-Encuentro-Regional-de-Sociedad-Civil-en-Red-en-Bragado-8-285x190.webp 285w\" sizes=\"(max-width: 1024px) 100vw, 1024px\" \/><\/figure>\n\n\n\n<figure class=\"wp-block-image size-large\"><img loading=\"lazy\" decoding=\"async\" width=\"1024\" height=\"683\" data-id=\"439\" src=\"https:\/\/sociedadcivilenred.org.ar\/wp-content\/uploads\/2024\/01\/Realizamos-el-7\u00b0-Encuentro-Regional-de-Sociedad-Civil-en-Red-en-Bragado-9-1024x683.webp\" alt=\"\" class=\"wp-image-439\" srcset=\"https:\/\/sociedadcivilenred.org.ar\/wp-content\/uploads\/2024\/01\/Realizamos-el-7\u00b0-Encuentro-Regional-de-Sociedad-Civil-en-Red-en-Bragado-9-1024x683.webp 1024w, https:\/\/sociedadcivilenred.org.ar\/wp-content\/uploads\/2024\/01\/Realizamos-el-7\u00b0-Encuentro-Regional-de-Sociedad-Civil-en-Red-en-Bragado-9-300x200.webp 300w, https:\/\/sociedadcivilenred.org.ar\/wp-content\/uploads\/2024\/01\/Realizamos-el-7\u00b0-Encuentro-Regional-de-Sociedad-Civil-en-Red-en-Bragado-9-768x512.webp 768w, https:\/\/sociedadcivilenred.org.ar\/wp-content\/uploads\/2024\/01\/Realizamos-el-7\u00b0-Encuentro-Regional-de-Sociedad-Civil-en-Red-en-Bragado-9-1536x1024.webp 1536w, https:\/\/sociedadcivilenred.org.ar\/wp-content\/uploads\/2024\/01\/Realizamos-el-7\u00b0-Encuentro-Regional-de-Sociedad-Civil-en-Red-en-Bragado-9-2048x1365.webp 2048w, https:\/\/sociedadcivilenred.org.ar\/wp-content\/uploads\/2024\/01\/Realizamos-el-7\u00b0-Encuentro-Regional-de-Sociedad-Civil-en-Red-en-Bragado-9-570x380.webp 570w, https:\/\/sociedadcivilenred.org.ar\/wp-content\/uploads\/2024\/01\/Realizamos-el-7\u00b0-Encuentro-Regional-de-Sociedad-Civil-en-Red-en-Bragado-9-380x254.webp 380w, https:\/\/sociedadcivilenred.org.ar\/wp-content\/uploads\/2024\/01\/Realizamos-el-7\u00b0-Encuentro-Regional-de-Sociedad-Civil-en-Red-en-Bragado-9-285x190.webp 285w\" sizes=\"(max-width: 1024px) 100vw, 1024px\" \/><\/figure>\n\n\n\n<figure class=\"wp-block-image size-large\"><img loading=\"lazy\" decoding=\"async\" width=\"1024\" height=\"683\" data-id=\"440\" src=\"https:\/\/sociedadcivilenred.org.ar\/wp-content\/uploads\/2024\/01\/Realizamos-el-7\u00b0-Encuentro-Regional-de-Sociedad-Civil-en-Red-en-Bragado-11-1024x683.webp\" alt=\"\" class=\"wp-image-440\" srcset=\"https:\/\/sociedadcivilenred.org.ar\/wp-content\/uploads\/2024\/01\/Realizamos-el-7\u00b0-Encuentro-Regional-de-Sociedad-Civil-en-Red-en-Bragado-11-1024x683.webp 1024w, https:\/\/sociedadcivilenred.org.ar\/wp-content\/uploads\/2024\/01\/Realizamos-el-7\u00b0-Encuentro-Regional-de-Sociedad-Civil-en-Red-en-Bragado-11-300x200.webp 300w, https:\/\/sociedadcivilenred.org.ar\/wp-content\/uploads\/2024\/01\/Realizamos-el-7\u00b0-Encuentro-Regional-de-Sociedad-Civil-en-Red-en-Bragado-11-768x512.webp 768w, https:\/\/sociedadcivilenred.org.ar\/wp-content\/uploads\/2024\/01\/Realizamos-el-7\u00b0-Encuentro-Regional-de-Sociedad-Civil-en-Red-en-Bragado-11-1536x1024.webp 1536w, https:\/\/sociedadcivilenred.org.ar\/wp-content\/uploads\/2024\/01\/Realizamos-el-7\u00b0-Encuentro-Regional-de-Sociedad-Civil-en-Red-en-Bragado-11-2048x1365.webp 2048w, https:\/\/sociedadcivilenred.org.ar\/wp-content\/uploads\/2024\/01\/Realizamos-el-7\u00b0-Encuentro-Regional-de-Sociedad-Civil-en-Red-en-Bragado-11-570x380.webp 570w, https:\/\/sociedadcivilenred.org.ar\/wp-content\/uploads\/2024\/01\/Realizamos-el-7\u00b0-Encuentro-Regional-de-Sociedad-Civil-en-Red-en-Bragado-11-380x254.webp 380w, https:\/\/sociedadcivilenred.org.ar\/wp-content\/uploads\/2024\/01\/Realizamos-el-7\u00b0-Encuentro-Regional-de-Sociedad-Civil-en-Red-en-Bragado-11-285x190.webp 285w\" sizes=\"(max-width: 1024px) 100vw, 1024px\" \/><\/figure>\n\n\n\n<figure class=\"wp-block-image size-large\"><img loading=\"lazy\" decoding=\"async\" width=\"1024\" height=\"683\" data-id=\"441\" src=\"https:\/\/sociedadcivilenred.org.ar\/wp-content\/uploads\/2024\/01\/Realizamos-el-7\u00b0-Encuentro-Regional-de-Sociedad-Civil-en-Red-en-Bragado-13-1024x683.webp\" alt=\"\" class=\"wp-image-441\" srcset=\"https:\/\/sociedadcivilenred.org.ar\/wp-content\/uploads\/2024\/01\/Realizamos-el-7\u00b0-Encuentro-Regional-de-Sociedad-Civil-en-Red-en-Bragado-13-1024x683.webp 1024w, https:\/\/sociedadcivilenred.org.ar\/wp-content\/uploads\/2024\/01\/Realizamos-el-7\u00b0-Encuentro-Regional-de-Sociedad-Civil-en-Red-en-Bragado-13-300x200.webp 300w, https:\/\/sociedadcivilenred.org.ar\/wp-content\/uploads\/2024\/01\/Realizamos-el-7\u00b0-Encuentro-Regional-de-Sociedad-Civil-en-Red-en-Bragado-13-768x512.webp 768w, https:\/\/sociedadcivilenred.org.ar\/wp-content\/uploads\/2024\/01\/Realizamos-el-7\u00b0-Encuentro-Regional-de-Sociedad-Civil-en-Red-en-Bragado-13-1536x1024.webp 1536w, https:\/\/sociedadcivilenred.org.ar\/wp-content\/uploads\/2024\/01\/Realizamos-el-7\u00b0-Encuentro-Regional-de-Sociedad-Civil-en-Red-en-Bragado-13-2048x1365.webp 2048w, https:\/\/sociedadcivilenred.org.ar\/wp-content\/uploads\/2024\/01\/Realizamos-el-7\u00b0-Encuentro-Regional-de-Sociedad-Civil-en-Red-en-Bragado-13-570x380.webp 570w, https:\/\/sociedadcivilenred.org.ar\/wp-content\/uploads\/2024\/01\/Realizamos-el-7\u00b0-Encuentro-Regional-de-Sociedad-Civil-en-Red-en-Bragado-13-380x254.webp 380w, https:\/\/sociedadcivilenred.org.ar\/wp-content\/uploads\/2024\/01\/Realizamos-el-7\u00b0-Encuentro-Regional-de-Sociedad-Civil-en-Red-en-Bragado-13-285x190.webp 285w\" sizes=\"(max-width: 1024px) 100vw, 1024px\" \/><\/figure>\n\n\n\n<figure class=\"wp-block-image size-large\"><img loading=\"lazy\" decoding=\"async\" width=\"682\" height=\"1024\" data-id=\"442\" src=\"https:\/\/sociedadcivilenred.org.ar\/wp-content\/uploads\/2024\/01\/Realizamos-el-7\u00b0-Encuentro-Regional-de-Sociedad-Civil-en-Red-en-Bragado-14-682x1024.webp\" alt=\"\" class=\"wp-image-442\" srcset=\"https:\/\/sociedadcivilenred.org.ar\/wp-content\/uploads\/2024\/01\/Realizamos-el-7\u00b0-Encuentro-Regional-de-Sociedad-Civil-en-Red-en-Bragado-14-682x1024.webp 682w, https:\/\/sociedadcivilenred.org.ar\/wp-content\/uploads\/2024\/01\/Realizamos-el-7\u00b0-Encuentro-Regional-de-Sociedad-Civil-en-Red-en-Bragado-14-200x300.webp 200w, https:\/\/sociedadcivilenred.org.ar\/wp-content\/uploads\/2024\/01\/Realizamos-el-7\u00b0-Encuentro-Regional-de-Sociedad-Civil-en-Red-en-Bragado-14-768x1152.webp 768w, https:\/\/sociedadcivilenred.org.ar\/wp-content\/uploads\/2024\/01\/Realizamos-el-7\u00b0-Encuentro-Regional-de-Sociedad-Civil-en-Red-en-Bragado-14-1024x1536.webp 1024w, https:\/\/sociedadcivilenred.org.ar\/wp-content\/uploads\/2024\/01\/Realizamos-el-7\u00b0-Encuentro-Regional-de-Sociedad-Civil-en-Red-en-Bragado-14.webp 1333w\" sizes=\"(max-width: 682px) 100vw, 682px\" \/><\/figure>\n\n\n\n<figure class=\"wp-block-image size-large\"><img loading=\"lazy\" decoding=\"async\" width=\"1024\" height=\"683\" data-id=\"443\" src=\"https:\/\/sociedadcivilenred.org.ar\/wp-content\/uploads\/2024\/01\/Realizamos-el-7\u00b0-Encuentro-Regional-de-Sociedad-Civil-en-Red-en-Bragado-15-1024x683.webp\" alt=\"\" class=\"wp-image-443\" srcset=\"https:\/\/sociedadcivilenred.org.ar\/wp-content\/uploads\/2024\/01\/Realizamos-el-7\u00b0-Encuentro-Regional-de-Sociedad-Civil-en-Red-en-Bragado-15-1024x683.webp 1024w, https:\/\/sociedadcivilenred.org.ar\/wp-content\/uploads\/2024\/01\/Realizamos-el-7\u00b0-Encuentro-Regional-de-Sociedad-Civil-en-Red-en-Bragado-15-300x200.webp 300w, https:\/\/sociedadcivilenred.org.ar\/wp-content\/uploads\/2024\/01\/Realizamos-el-7\u00b0-Encuentro-Regional-de-Sociedad-Civil-en-Red-en-Bragado-15-768x512.webp 768w, https:\/\/sociedadcivilenred.org.ar\/wp-content\/uploads\/2024\/01\/Realizamos-el-7\u00b0-Encuentro-Regional-de-Sociedad-Civil-en-Red-en-Bragado-15-1536x1024.webp 1536w, https:\/\/sociedadcivilenred.org.ar\/wp-content\/uploads\/2024\/01\/Realizamos-el-7\u00b0-Encuentro-Regional-de-Sociedad-Civil-en-Red-en-Bragado-15-2048x1365.webp 2048w, https:\/\/sociedadcivilenred.org.ar\/wp-content\/uploads\/2024\/01\/Realizamos-el-7\u00b0-Encuentro-Regional-de-Sociedad-Civil-en-Red-en-Bragado-15-570x380.webp 570w, https:\/\/sociedadcivilenred.org.ar\/wp-content\/uploads\/2024\/01\/Realizamos-el-7\u00b0-Encuentro-Regional-de-Sociedad-Civil-en-Red-en-Bragado-15-380x254.webp 380w, https:\/\/sociedadcivilenred.org.ar\/wp-content\/uploads\/2024\/01\/Realizamos-el-7\u00b0-Encuentro-Regional-de-Sociedad-Civil-en-Red-en-Bragado-15-285x190.webp 285w\" sizes=\"(max-width: 1024px) 100vw, 1024px\" \/><\/figure>\n\n\n\n<figure class=\"wp-block-image size-large\"><img loading=\"lazy\" decoding=\"async\" width=\"1024\" height=\"683\" data-id=\"444\" src=\"https:\/\/sociedadcivilenred.org.ar\/wp-content\/uploads\/2024\/01\/Realizamos-el-7\u00b0-Encuentro-Regional-de-Sociedad-Civil-en-Red-en-Bragado-16-1024x683.webp\" alt=\"\" class=\"wp-image-444\" srcset=\"https:\/\/sociedadcivilenred.org.ar\/wp-content\/uploads\/2024\/01\/Realizamos-el-7\u00b0-Encuentro-Regional-de-Sociedad-Civil-en-Red-en-Bragado-16-1024x683.webp 1024w, https:\/\/sociedadcivilenred.org.ar\/wp-content\/uploads\/2024\/01\/Realizamos-el-7\u00b0-Encuentro-Regional-de-Sociedad-Civil-en-Red-en-Bragado-16-300x200.webp 300w, https:\/\/sociedadcivilenred.org.ar\/wp-content\/uploads\/2024\/01\/Realizamos-el-7\u00b0-Encuentro-Regional-de-Sociedad-Civil-en-Red-en-Bragado-16-768x512.webp 768w, https:\/\/sociedadcivilenred.org.ar\/wp-content\/uploads\/2024\/01\/Realizamos-el-7\u00b0-Encuentro-Regional-de-Sociedad-Civil-en-Red-en-Bragado-16-1536x1024.webp 1536w, https:\/\/sociedadcivilenred.org.ar\/wp-content\/uploads\/2024\/01\/Realizamos-el-7\u00b0-Encuentro-Regional-de-Sociedad-Civil-en-Red-en-Bragado-16-2048x1365.webp 2048w, https:\/\/sociedadcivilenred.org.ar\/wp-content\/uploads\/2024\/01\/Realizamos-el-7\u00b0-Encuentro-Regional-de-Sociedad-Civil-en-Red-en-Bragado-16-570x380.webp 570w, https:\/\/sociedadcivilenred.org.ar\/wp-content\/uploads\/2024\/01\/Realizamos-el-7\u00b0-Encuentro-Regional-de-Sociedad-Civil-en-Red-en-Bragado-16-380x254.webp 380w, https:\/\/sociedadcivilenred.org.ar\/wp-content\/uploads\/2024\/01\/Realizamos-el-7\u00b0-Encuentro-Regional-de-Sociedad-Civil-en-Red-en-Bragado-16-285x190.webp 285w\" sizes=\"(max-width: 1024px) 100vw, 1024px\" \/><\/figure>\n\n\n\n<figure class=\"wp-block-image size-large\"><img loading=\"lazy\" decoding=\"async\" width=\"1024\" height=\"683\" data-id=\"445\" src=\"https:\/\/sociedadcivilenred.org.ar\/wp-content\/uploads\/2024\/01\/Realizamos-el-7\u00b0-Encuentro-Regional-de-Sociedad-Civil-en-Red-en-Bragado-17-1024x683.webp\" alt=\"\" class=\"wp-image-445\" srcset=\"https:\/\/sociedadcivilenred.org.ar\/wp-content\/uploads\/2024\/01\/Realizamos-el-7\u00b0-Encuentro-Regional-de-Sociedad-Civil-en-Red-en-Bragado-17-1024x683.webp 1024w, https:\/\/sociedadcivilenred.org.ar\/wp-content\/uploads\/2024\/01\/Realizamos-el-7\u00b0-Encuentro-Regional-de-Sociedad-Civil-en-Red-en-Bragado-17-300x200.webp 300w, https:\/\/sociedadcivilenred.org.ar\/wp-content\/uploads\/2024\/01\/Realizamos-el-7\u00b0-Encuentro-Regional-de-Sociedad-Civil-en-Red-en-Bragado-17-768x512.webp 768w, https:\/\/sociedadcivilenred.org.ar\/wp-content\/uploads\/2024\/01\/Realizamos-el-7\u00b0-Encuentro-Regional-de-Sociedad-Civil-en-Red-en-Bragado-17-1536x1024.webp 1536w, https:\/\/sociedadcivilenred.org.ar\/wp-content\/uploads\/2024\/01\/Realizamos-el-7\u00b0-Encuentro-Regional-de-Sociedad-Civil-en-Red-en-Bragado-17-2048x1365.webp 2048w, https:\/\/sociedadcivilenred.org.ar\/wp-content\/uploads\/2024\/01\/Realizamos-el-7\u00b0-Encuentro-Regional-de-Sociedad-Civil-en-Red-en-Bragado-17-570x380.webp 570w, https:\/\/sociedadcivilenred.org.ar\/wp-content\/uploads\/2024\/01\/Realizamos-el-7\u00b0-Encuentro-Regional-de-Sociedad-Civil-en-Red-en-Bragado-17-380x254.webp 380w, https:\/\/sociedadcivilenred.org.ar\/wp-content\/uploads\/2024\/01\/Realizamos-el-7\u00b0-Encuentro-Regional-de-Sociedad-Civil-en-Red-en-Bragado-17-285x190.webp 285w\" sizes=\"(max-width: 1024px) 100vw, 1024px\" \/><\/figure>\n\n\n\n<figure class=\"wp-block-image size-large\"><img loading=\"lazy\" decoding=\"async\" width=\"1024\" height=\"683\" data-id=\"446\" src=\"https:\/\/sociedadcivilenred.org.ar\/wp-content\/uploads\/2024\/01\/Realizamos-el-7\u00b0-Encuentro-Regional-de-Sociedad-Civil-en-Red-en-Bragado-18-1024x683.webp\" alt=\"\" class=\"wp-image-446\" srcset=\"https:\/\/sociedadcivilenred.org.ar\/wp-content\/uploads\/2024\/01\/Realizamos-el-7\u00b0-Encuentro-Regional-de-Sociedad-Civil-en-Red-en-Bragado-18-1024x683.webp 1024w, https:\/\/sociedadcivilenred.org.ar\/wp-content\/uploads\/2024\/01\/Realizamos-el-7\u00b0-Encuentro-Regional-de-Sociedad-Civil-en-Red-en-Bragado-18-300x200.webp 300w, https:\/\/sociedadcivilenred.org.ar\/wp-content\/uploads\/2024\/01\/Realizamos-el-7\u00b0-Encuentro-Regional-de-Sociedad-Civil-en-Red-en-Bragado-18-768x512.webp 768w, https:\/\/sociedadcivilenred.org.ar\/wp-content\/uploads\/2024\/01\/Realizamos-el-7\u00b0-Encuentro-Regional-de-Sociedad-Civil-en-Red-en-Bragado-18-1536x1024.webp 1536w, https:\/\/sociedadcivilenred.org.ar\/wp-content\/uploads\/2024\/01\/Realizamos-el-7\u00b0-Encuentro-Regional-de-Sociedad-Civil-en-Red-en-Bragado-18-2048x1365.webp 2048w, https:\/\/sociedadcivilenred.org.ar\/wp-content\/uploads\/2024\/01\/Realizamos-el-7\u00b0-Encuentro-Regional-de-Sociedad-Civil-en-Red-en-Bragado-18-570x380.webp 570w, https:\/\/sociedadcivilenred.org.ar\/wp-content\/uploads\/2024\/01\/Realizamos-el-7\u00b0-Encuentro-Regional-de-Sociedad-Civil-en-Red-en-Bragado-18-380x254.webp 380w, https:\/\/sociedadcivilenred.org.ar\/wp-content\/uploads\/2024\/01\/Realizamos-el-7\u00b0-Encuentro-Regional-de-Sociedad-Civil-en-Red-en-Bragado-18-285x190.webp 285w\" sizes=\"(max-width: 1024px) 100vw, 1024px\" \/><\/figure>\n<\/figure>\n","protected":false},"excerpt":{"rendered":"<p>El viernes 23 de agosto realizamos el 7\u00b0 Encuentro Regional de OSC y Pol\u00edticas P\u00fablicas en la ciudad de Bragado, provincia de Buenos Aires. Asistieron m\u00e1s de 80 organizaciones y m\u00e1s de 200 participantes provenientes de 23 Municipios; y contamos con la presencia de representantes nacionales; representantes de entidades gubernamentales provinciales y municipales; y referentes de empresas. Se expuso sobre la necesidad de que los ciudadanos participemos en la construcci\u00f3n de pol\u00edticas p\u00fablicas y la importancia de trabajar en red para conseguir fines comunes m\u00e1s all\u00e1 de las diferencias. Adem\u00e1s, los expositores destacaron que el Estado tiene un rol clave para promover la articulaci\u00f3n de la sociedad civil con organismos p\u00fablicos y empresas privadas. Agrademos la participaci\u00f3n de todos y el apoyo en la organizaci\u00f3n al Foro del Sector Social, miembro de Sociedad Civil en Red.<\/p>\n","protected":false},"author":2,"featured_media":446,"comment_status":"open","ping_status":"open","sticky":false,"template":"","format":"standard","meta":{"footnotes":""},"categories":[6,7],"tags":[12],"class_list":["post-429","post","type-post","status-publish","format-standard","has-post-thumbnail","hentry","category-eventos","category-noticias","tag-encuentro-regional"],"_links":{"self":[{"href":"https:\/\/sociedadcivilenred.org.ar\/index.php\/wp-json\/wp\/v2\/posts\/429","targetHints":{"allow":["GET"]}}],"collection":[{"href":"https:\/\/sociedadcivilenred.org.ar\/index.php\/wp-json\/wp\/v2\/posts"}],"about":[{"href":"https:\/\/sociedadcivilenred.org.ar\/index.php\/wp-json\/wp\/v2\/types\/post"}],"author":[{"embeddable":true,"href":"https:\/\/sociedadcivilenred.org.ar\/index.php\/wp-json\/wp\/v2\/users\/2"}],"replies":[{"embeddable":true,"href":"https:\/\/sociedadcivilenred.org.ar\/index.php\/wp-json\/wp\/v2\/comments?post=429"}],"version-history":[{"count":1,"href":"https:\/\/sociedadcivilenred.org.ar\/index.php\/wp-json\/wp\/v2\/posts\/429\/revisions"}],"predecessor-version":[{"id":447,"href":"https:\/\/sociedadcivilenred.org.ar\/index.php\/wp-json\/wp\/v2\/posts\/429\/revisions\/447"}],"wp:featuredmedia":[{"embeddable":true,"href":"https:\/\/sociedadcivilenred.org.ar\/index.php\/wp-json\/wp\/v2\/media\/446"}],"wp:attachment":[{"href":"https:\/\/sociedadcivilenred.org.ar\/index.php\/wp-json\/wp\/v2\/media?parent=429"}],"wp:term":[{"taxonomy":"category","embeddable":true,"href":"https:\/\/sociedadcivilenred.org.ar\/index.php\/wp-json\/wp\/v2\/categories?post=429"},{"taxonomy":"post_tag","embeddable":true,"href":"https:\/\/sociedadcivilenred.org.ar\/index.php\/wp-json\/wp\/v2\/tags?post=429"}],"curies":[{"name":"wp","href":"https:\/\/api.w.org\/{rel}","templated":true}]}}