{"id":591,"date":"2024-11-29T16:09:48","date_gmt":"2024-11-29T15:09:48","guid":{"rendered":"https:\/\/sociedadcivilenred.org.ar\/?p=591"},"modified":"2024-12-06T18:38:22","modified_gmt":"2024-12-06T17:38:22","slug":"celebramos-en-red-los-30-anos-de-fedefa-premio-fedefa-a-la-solidaridad-2024-y-30-anos-de-fedefa","status":"publish","type":"post","link":"https:\/\/sociedadcivilenred.org.ar\/index.php\/2024\/11\/29\/celebramos-en-red-los-30-anos-de-fedefa-premio-fedefa-a-la-solidaridad-2024-y-30-anos-de-fedefa\/","title":{"rendered":"\u00a1Celebramos en Red los 30 a\u00f1os de FEDEFA! Premio FEDEFA a la Solidaridad 2024 y 30 a\u00f1os de FEDEFA"},"content":{"rendered":"\t\t<div data-elementor-type=\"wp-post\" data-elementor-id=\"591\" class=\"elementor elementor-591\" data-elementor-post-type=\"post\">\n\t\t\t\t\t\t<section class=\"elementor-section elementor-top-section elementor-element elementor-element-c76327b elementor-section-boxed elementor-section-height-default elementor-section-height-default wpr-particle-no wpr-jarallax-no wpr-parallax-no wpr-sticky-section-no wpr-equal-height-no\" data-id=\"c76327b\" data-element_type=\"section\" data-e-type=\"section\">\n\t\t\t\t\t\t<div class=\"elementor-container elementor-column-gap-default\">\n\t\t\t\t\t<div class=\"elementor-column elementor-col-100 elementor-top-column elementor-element elementor-element-b489d4b\" data-id=\"b489d4b\" data-element_type=\"column\" data-e-type=\"column\">\n\t\t\t<div class=\"elementor-widget-wrap\">\n\t\t\t\t\t\t\t<\/div>\n\t\t<\/div>\n\t\t\t\t\t<\/div>\n\t\t<\/section>\n\t\t\t\t<section class=\"elementor-section elementor-top-section elementor-element elementor-element-bb5d874 elementor-section-boxed elementor-section-height-default elementor-section-height-default wpr-particle-no wpr-jarallax-no wpr-parallax-no wpr-sticky-section-no wpr-equal-height-no\" data-id=\"bb5d874\" data-element_type=\"section\" data-e-type=\"section\">\n\t\t\t\t\t\t<div class=\"elementor-container elementor-column-gap-default\">\n\t\t\t\t\t<div class=\"elementor-column elementor-col-100 elementor-top-column elementor-element elementor-element-d6d6d94\" data-id=\"d6d6d94\" data-element_type=\"column\" data-e-type=\"column\">\n\t\t\t<div class=\"elementor-widget-wrap elementor-element-populated\">\n\t\t\t\t\t\t<div class=\"elementor-element elementor-element-eee4e2d elementor-widget elementor-widget-text-editor\" data-id=\"eee4e2d\" data-element_type=\"widget\" data-e-type=\"widget\" data-widget_type=\"text-editor.default\">\n\t\t\t\t<div class=\"elementor-widget-container\">\n\t\t\t\t\t\t\t\t\t<p><span style=\"font-weight: 400\">El pasado 27 de noviembre, en el Auditorio de la Fundaci\u00f3n Barcel\u00f3 en la Ciudad de Buenos Aires, FEDEFA, junto a todos sus colaboradores y organizaciones aliadas, y la participaci\u00f3n y apoyo de Sociedad Civil en Red, celebr\u00f3 sus 30 a\u00f1os y entreg\u00f3 el Premio a la Solidaridad 2024.<\/span><\/p>\n<p><span style=\"font-weight: 400\">En el marco de este evento, <\/span><b>Sociedad Civil en Red<\/b><span style=\"font-weight: 400\"> recibi\u00f3 una distinci\u00f3n por su accionar solidario y compromiso con el bien com\u00fan. Diego Guillisasti, Coordinador General del Proyecto agradeci\u00f3 el reconocimiento, expresando: \u201c<i>Desde Sociedad Civil en Red, con todas las redes presentes que la componen, generamos espacios de encuentro y trabajamos por el marco legal y fiscal de las organizaciones\u201d.&nbsp;<\/i><\/span><\/p>\n<p><span style=\"font-weight: 400\">En el encuentro se entregaron las Certificaciones de Institucionalidad y Transparencia que todos los a\u00f1os brinda FEDEFA a las fundaciones y asociaciones civiles del pa\u00eds. El procedimiento tiene el apoyo de Sociedad Civil en Red, con cofinanciamiento de la Uni\u00f3n Europea.<\/span><\/p>\t\t\t\t\t\t\t\t<\/div>\n\t\t\t\t<\/div>\n\t\t\t\t\t<\/div>\n\t\t<\/div>\n\t\t\t\t\t<\/div>\n\t\t<\/section>\n\t\t\t\t<section class=\"elementor-section elementor-top-section elementor-element elementor-element-f63286f elementor-section-boxed elementor-section-height-default elementor-section-height-default wpr-particle-no wpr-jarallax-no wpr-parallax-no wpr-sticky-section-no wpr-equal-height-no\" data-id=\"f63286f\" data-element_type=\"section\" data-e-type=\"section\">\n\t\t\t\t\t\t<div class=\"elementor-container elementor-column-gap-default\">\n\t\t\t\t\t<div class=\"elementor-column elementor-col-100 elementor-top-column elementor-element elementor-element-caf6d57\" data-id=\"caf6d57\" data-element_type=\"column\" data-e-type=\"column\">\n\t\t\t<div class=\"elementor-widget-wrap elementor-element-populated\">\n\t\t\t\t\t\t<div class=\"elementor-element elementor-element-576e440 elementor-widget elementor-widget-image\" data-id=\"576e440\" data-element_type=\"widget\" data-e-type=\"widget\" data-widget_type=\"image.default\">\n\t\t\t\t<div class=\"elementor-widget-container\">\n\t\t\t\t\t\t\t\t\t\t\t\t\t\t\t<img fetchpriority=\"high\" decoding=\"async\" width=\"768\" height=\"512\" src=\"https:\/\/sociedadcivilenred.org.ar\/wp-content\/uploads\/2024\/12\/Imagen-de-WhatsApp-2024-12-04-a-las-10.51.55_aa176c34-768x512.jpg\" class=\"attachment-medium_large size-medium_large wp-image-595\" alt=\"\" srcset=\"https:\/\/sociedadcivilenred.org.ar\/wp-content\/uploads\/2024\/12\/Imagen-de-WhatsApp-2024-12-04-a-las-10.51.55_aa176c34-768x512.jpg 768w, https:\/\/sociedadcivilenred.org.ar\/wp-content\/uploads\/2024\/12\/Imagen-de-WhatsApp-2024-12-04-a-las-10.51.55_aa176c34-300x200.jpg 300w, https:\/\/sociedadcivilenred.org.ar\/wp-content\/uploads\/2024\/12\/Imagen-de-WhatsApp-2024-12-04-a-las-10.51.55_aa176c34-1024x682.jpg 1024w, https:\/\/sociedadcivilenred.org.ar\/wp-content\/uploads\/2024\/12\/Imagen-de-WhatsApp-2024-12-04-a-las-10.51.55_aa176c34-1536x1023.jpg 1536w, https:\/\/sociedadcivilenred.org.ar\/wp-content\/uploads\/2024\/12\/Imagen-de-WhatsApp-2024-12-04-a-las-10.51.55_aa176c34-570x380.jpg 570w, https:\/\/sociedadcivilenred.org.ar\/wp-content\/uploads\/2024\/12\/Imagen-de-WhatsApp-2024-12-04-a-las-10.51.55_aa176c34-380x254.jpg 380w, https:\/\/sociedadcivilenred.org.ar\/wp-content\/uploads\/2024\/12\/Imagen-de-WhatsApp-2024-12-04-a-las-10.51.55_aa176c34-285x190.jpg 285w, https:\/\/sociedadcivilenred.org.ar\/wp-content\/uploads\/2024\/12\/Imagen-de-WhatsApp-2024-12-04-a-las-10.51.55_aa176c34.jpg 1600w\" sizes=\"(max-width: 768px) 100vw, 768px\" \/>\t\t\t\t\t\t\t\t\t\t\t\t\t\t\t<\/div>\n\t\t\t\t<\/div>\n\t\t\t\t<div class=\"elementor-element elementor-element-da2aaca elementor-widget elementor-widget-image\" data-id=\"da2aaca\" data-element_type=\"widget\" data-e-type=\"widget\" data-widget_type=\"image.default\">\n\t\t\t\t<div class=\"elementor-widget-container\">\n\t\t\t\t\t\t\t\t\t\t\t\t\t\t\t<img decoding=\"async\" width=\"768\" height=\"512\" src=\"https:\/\/sociedadcivilenred.org.ar\/wp-content\/uploads\/2024\/12\/Imagen-de-WhatsApp-2024-12-04-a-las-10.54.29_a7869481-768x512.jpg\" class=\"attachment-medium_large size-medium_large wp-image-594\" alt=\"\" srcset=\"https:\/\/sociedadcivilenred.org.ar\/wp-content\/uploads\/2024\/12\/Imagen-de-WhatsApp-2024-12-04-a-las-10.54.29_a7869481-768x512.jpg 768w, https:\/\/sociedadcivilenred.org.ar\/wp-content\/uploads\/2024\/12\/Imagen-de-WhatsApp-2024-12-04-a-las-10.54.29_a7869481-300x200.jpg 300w, https:\/\/sociedadcivilenred.org.ar\/wp-content\/uploads\/2024\/12\/Imagen-de-WhatsApp-2024-12-04-a-las-10.54.29_a7869481-1024x682.jpg 1024w, https:\/\/sociedadcivilenred.org.ar\/wp-content\/uploads\/2024\/12\/Imagen-de-WhatsApp-2024-12-04-a-las-10.54.29_a7869481-1536x1023.jpg 1536w, https:\/\/sociedadcivilenred.org.ar\/wp-content\/uploads\/2024\/12\/Imagen-de-WhatsApp-2024-12-04-a-las-10.54.29_a7869481-570x380.jpg 570w, https:\/\/sociedadcivilenred.org.ar\/wp-content\/uploads\/2024\/12\/Imagen-de-WhatsApp-2024-12-04-a-las-10.54.29_a7869481-380x254.jpg 380w, https:\/\/sociedadcivilenred.org.ar\/wp-content\/uploads\/2024\/12\/Imagen-de-WhatsApp-2024-12-04-a-las-10.54.29_a7869481-285x190.jpg 285w, https:\/\/sociedadcivilenred.org.ar\/wp-content\/uploads\/2024\/12\/Imagen-de-WhatsApp-2024-12-04-a-las-10.54.29_a7869481.jpg 1600w\" sizes=\"(max-width: 768px) 100vw, 768px\" \/>\t\t\t\t\t\t\t\t\t\t\t\t\t\t\t<\/div>\n\t\t\t\t<\/div>\n\t\t\t\t\t<\/div>\n\t\t<\/div>\n\t\t\t\t\t<\/div>\n\t\t<\/section>\n\t\t\t\t<\/div>\n\t\t","protected":false},"excerpt":{"rendered":"<p>El pasado 27 de noviembre, en el Auditorio de la Fundaci\u00f3n Barcel\u00f3 en la Ciudad de Buenos Aires, FEDEFA, junto a todos sus colaboradores y organizaciones aliadas, y la participaci\u00f3n y apoyo de Sociedad Civil en Red, celebr\u00f3 sus 30 a\u00f1os y entreg\u00f3 el Premio a la Solidaridad 2024. En el marco de este evento, Sociedad Civil en Red recibi\u00f3 una distinci\u00f3n por su accionar solidario y compromiso con el bien com\u00fan. Diego Guillisasti, Coordinador General del Proyecto agradeci\u00f3 el reconocimiento, expresando: \u201cDesde Sociedad Civil en Red, con todas las redes presentes que la componen, generamos espacios de encuentro y trabajamos por el marco legal y fiscal de las organizaciones\u201d.&nbsp; En el encuentro se entregaron las Certificaciones de Institucionalidad y Transparencia que todos los a\u00f1os brinda FEDEFA a las fundaciones y asociaciones civiles del pa\u00eds. El procedimiento tiene el apoyo de Sociedad Civil en Red, con cofinanciamiento de la Uni\u00f3n Europea. \/*! elementor &#8211; v3.20.0 &#8211; 13-03-2024 *\/ .elementor-widget-image{text-align:center}.elementor-widget-image a{display:inline-block}.elementor-widget-image a img[src$=&#8221;.svg&#8221;]{width:48px}.elementor-widget-image img{vertical-align:middle;display:inline-block}<\/p>\n","protected":false},"author":2,"featured_media":593,"comment_status":"open","ping_status":"open","sticky":false,"template":"","format":"standard","meta":{"footnotes":""},"categories":[7],"tags":[20,19,17,18],"class_list":["post-591","post","type-post","status-publish","format-standard","has-post-thumbnail","hentry","category-noticias","tag-eventos","tag-fedefa","tag-premio","tag-sociedad-civil-en-red"],"_links":{"self":[{"href":"https:\/\/sociedadcivilenred.org.ar\/index.php\/wp-json\/wp\/v2\/posts\/591","targetHints":{"allow":["GET"]}}],"collection":[{"href":"https:\/\/sociedadcivilenred.org.ar\/index.php\/wp-json\/wp\/v2\/posts"}],"about":[{"href":"https:\/\/sociedadcivilenred.org.ar\/index.php\/wp-json\/wp\/v2\/types\/post"}],"author":[{"embeddable":true,"href":"https:\/\/sociedadcivilenred.org.ar\/index.php\/wp-json\/wp\/v2\/users\/2"}],"replies":[{"embeddable":true,"href":"https:\/\/sociedadcivilenred.org.ar\/index.php\/wp-json\/wp\/v2\/comments?post=591"}],"version-history":[{"count":14,"href":"https:\/\/sociedadcivilenred.org.ar\/index.php\/wp-json\/wp\/v2\/posts\/591\/revisions"}],"predecessor-version":[{"id":608,"href":"https:\/\/sociedadcivilenred.org.ar\/index.php\/wp-json\/wp\/v2\/posts\/591\/revisions\/608"}],"wp:featuredmedia":[{"embeddable":true,"href":"https:\/\/sociedadcivilenred.org.ar\/index.php\/wp-json\/wp\/v2\/media\/593"}],"wp:attachment":[{"href":"https:\/\/sociedadcivilenred.org.ar\/index.php\/wp-json\/wp\/v2\/media?parent=591"}],"wp:term":[{"taxonomy":"category","embeddable":true,"href":"https:\/\/sociedadcivilenred.org.ar\/index.php\/wp-json\/wp\/v2\/categories?post=591"},{"taxonomy":"post_tag","embeddable":true,"href":"https:\/\/sociedadcivilenred.org.ar\/index.php\/wp-json\/wp\/v2\/tags?post=591"}],"curies":[{"name":"wp","href":"https:\/\/api.w.org\/{rel}","templated":true}]}}