{"id":635,"date":"2024-12-09T19:35:10","date_gmt":"2024-12-09T18:35:10","guid":{"rendered":"https:\/\/sociedadcivilenred.org.ar\/?p=635"},"modified":"2024-12-10T15:20:26","modified_gmt":"2024-12-10T14:20:26","slug":"horizonte-joven-una-jornada-para-impulsar-la-articulacion-publico-privada-en-maipu","status":"publish","type":"post","link":"https:\/\/sociedadcivilenred.org.ar\/index.php\/2024\/12\/09\/horizonte-joven-una-jornada-para-impulsar-la-articulacion-publico-privada-en-maipu\/","title":{"rendered":"NODO CUYO: &#8220;Horizonte Joven&#8221;- una jornada para impulsar la articulaci\u00f3n p\u00fablico-privada en Maip\u00fa"},"content":{"rendered":"\t\t<div data-elementor-type=\"wp-post\" data-elementor-id=\"635\" class=\"elementor elementor-635\" data-elementor-post-type=\"post\">\n\t\t\t\t\t\t<section class=\"elementor-section elementor-top-section elementor-element elementor-element-a551ee1 elementor-section-boxed elementor-section-height-default elementor-section-height-default wpr-particle-no wpr-jarallax-no wpr-parallax-no wpr-sticky-section-no wpr-equal-height-no\" data-id=\"a551ee1\" data-element_type=\"section\" data-e-type=\"section\">\n\t\t\t\t\t\t<div class=\"elementor-container elementor-column-gap-default\">\n\t\t\t\t\t<div class=\"elementor-column elementor-col-100 elementor-top-column elementor-element elementor-element-62e617a\" data-id=\"62e617a\" data-element_type=\"column\" data-e-type=\"column\">\n\t\t\t<div class=\"elementor-widget-wrap elementor-element-populated\">\n\t\t\t\t\t\t<div class=\"elementor-element elementor-element-db45f3a elementor-widget elementor-widget-text-editor\" data-id=\"db45f3a\" data-element_type=\"widget\" data-e-type=\"widget\" data-widget_type=\"text-editor.default\">\n\t\t\t\t<div class=\"elementor-widget-container\">\n\t\t\t\t\t\t\t\t\t<p><span style=\"font-weight: 400\">El pasado <\/span><b>4 de diciembre<\/b><span style=\"font-weight: 400\">, desde el <a href=\"https:\/\/labpublicoprivado.org.ar\/\">Laboratorio P\u00fablico Privado<\/a> (iniciativa de <a href=\"https:\/\/www.gdfe.org.ar\/\">GDFE<\/a> y <a href=\"https:\/\/www.redinnovacionlocal.org\/\">RIL<\/a>), la <a href=\"https:\/\/www.instagram.com\/kairos.asociacion\/\">Asociaci\u00f3n Kair\u00f3s <\/a>(parte de <a href=\"https:\/\/www.instagram.com\/red.encuentro\/\">Red Encuentro<\/a>) <\/span><span style=\"font-weight: 400\">y la Municipalidad de Maip\u00fa, Mendoza, representada por su Intendente, Mat\u00edas Stevanato, dimos inicio a <\/span><b>Horizonte Joven<\/b><span style=\"font-weight: 400\">: una iniciativa del Nodo Cuyo de Sociedad Civil en Red. <\/span><\/p><p><span style=\"font-weight: 400\">El encuentro reuni\u00f3 actores del sector p\u00fablico, privado y de la sociedad civil con el objetivo de construir juntos un espacio de colaboraci\u00f3n multiactoral que promueva el protagonismo juvenil en la vida p\u00fablica.<\/span><\/p><p><span style=\"font-weight: 400\">Durante la jornada, reflexionamos sobre:<\/span><\/p><ul><li><span style=\"font-weight: 400\">\u00a0La <\/span><b>articulaci\u00f3n p\u00fablico-privada<\/b><span style=\"font-weight: 400\"> como modelo de gobernanza y su potencial para abordar los desaf\u00edos de la juventud.<\/span><\/li><li><span style=\"font-weight: 400\">Las herramientas municipales que ya est\u00e1n transformando la participaci\u00f3n ciudadana, como el presupuesto participativo.<\/span><\/li><li><span style=\"font-weight: 400\">La perspectiva de los j\u00f3venes, con aportes inspiradores de <\/span><b>Kair\u00f3s<\/b><span style=\"font-weight: 400\"> y otros actores locales.<\/span><\/li><\/ul><p><span style=\"font-weight: 400\">Adem\u00e1s, presentamos el <\/span><b>cronograma de trabajo<\/b><span style=\"font-weight: 400\"> de Horizonte Joven, que incluye talleres participativos y propuestas concretas para fortalecer las pol\u00edticas p\u00fablicas orientadas a los j\u00f3venes de Maip\u00fa.<\/span><\/p><p><span style=\"font-weight: 400\">Agradecemos profundamente a todos los participantes que se sumaron al di\u00e1logo. Su involucramiento es clave para seguir construyendo una Maip\u00fa m\u00e1s inclusiva y sostenible.<\/span><\/p><p><span style=\"font-weight: 400\">\u00a1Esto es solo el comienzo! En los pr\u00f3ximos meses continuaremos trabajando juntos en esta iniciativa, consolidando acciones que reflejen las voces y las prioridades de la juventud.<\/span><\/p><p><span style=\"font-weight: 400\">\u00a0<\/span><\/p>\t\t\t\t\t\t\t\t<\/div>\n\t\t\t\t<\/div>\n\t\t\t\t\t<\/div>\n\t\t<\/div>\n\t\t\t\t\t<\/div>\n\t\t<\/section>\n\t\t\t\t<section class=\"elementor-section elementor-top-section elementor-element elementor-element-b120f7d elementor-section-boxed elementor-section-height-default elementor-section-height-default wpr-particle-no wpr-jarallax-no wpr-parallax-no wpr-sticky-section-no wpr-equal-height-no\" data-id=\"b120f7d\" data-element_type=\"section\" data-e-type=\"section\">\n\t\t\t\t\t\t<div class=\"elementor-container elementor-column-gap-default\">\n\t\t\t\t\t<div class=\"elementor-column elementor-col-100 elementor-top-column elementor-element elementor-element-e439bc5\" data-id=\"e439bc5\" data-element_type=\"column\" data-e-type=\"column\">\n\t\t\t<div class=\"elementor-widget-wrap elementor-element-populated\">\n\t\t\t\t\t\t<div class=\"elementor-element elementor-element-06ef69c elementor-widget elementor-widget-image\" data-id=\"06ef69c\" data-element_type=\"widget\" data-e-type=\"widget\" data-widget_type=\"image.default\">\n\t\t\t\t<div class=\"elementor-widget-container\">\n\t\t\t\t\t\t\t\t\t\t\t\t\t\t\t<img fetchpriority=\"high\" decoding=\"async\" width=\"768\" height=\"549\" src=\"https:\/\/sociedadcivilenred.org.ar\/wp-content\/uploads\/2024\/12\/WhatsApp-Image-2024-12-06-at-16.55.04-768x549.jpeg\" class=\"attachment-medium_large size-medium_large wp-image-638\" alt=\"\" srcset=\"https:\/\/sociedadcivilenred.org.ar\/wp-content\/uploads\/2024\/12\/WhatsApp-Image-2024-12-06-at-16.55.04-768x549.jpeg 768w, https:\/\/sociedadcivilenred.org.ar\/wp-content\/uploads\/2024\/12\/WhatsApp-Image-2024-12-06-at-16.55.04-300x214.jpeg 300w, https:\/\/sociedadcivilenred.org.ar\/wp-content\/uploads\/2024\/12\/WhatsApp-Image-2024-12-06-at-16.55.04-1024x732.jpeg 1024w, https:\/\/sociedadcivilenred.org.ar\/wp-content\/uploads\/2024\/12\/WhatsApp-Image-2024-12-06-at-16.55.04-1536x1097.jpeg 1536w, https:\/\/sociedadcivilenred.org.ar\/wp-content\/uploads\/2024\/12\/WhatsApp-Image-2024-12-06-at-16.55.04-2048x1463.jpeg 2048w\" sizes=\"(max-width: 768px) 100vw, 768px\" \/>\t\t\t\t\t\t\t\t\t\t\t\t\t\t\t<\/div>\n\t\t\t\t<\/div>\n\t\t\t\t\t<\/div>\n\t\t<\/div>\n\t\t\t\t\t<\/div>\n\t\t<\/section>\n\t\t\t\t<section class=\"elementor-section elementor-top-section elementor-element elementor-element-3f49212 elementor-section-boxed elementor-section-height-default elementor-section-height-default wpr-particle-no wpr-jarallax-no wpr-parallax-no wpr-sticky-section-no wpr-equal-height-no\" data-id=\"3f49212\" data-element_type=\"section\" data-e-type=\"section\">\n\t\t\t\t\t\t<div class=\"elementor-container elementor-column-gap-default\">\n\t\t\t\t\t<div class=\"elementor-column elementor-col-100 elementor-top-column elementor-element elementor-element-5be170e\" data-id=\"5be170e\" data-element_type=\"column\" data-e-type=\"column\">\n\t\t\t<div class=\"elementor-widget-wrap elementor-element-populated\">\n\t\t\t\t\t\t<div class=\"elementor-element elementor-element-d4bab39 elementor-widget elementor-widget-image\" data-id=\"d4bab39\" data-element_type=\"widget\" data-e-type=\"widget\" data-widget_type=\"image.default\">\n\t\t\t\t<div class=\"elementor-widget-container\">\n\t\t\t\t\t\t\t\t\t\t\t\t\t\t\t<img decoding=\"async\" width=\"768\" height=\"549\" src=\"https:\/\/sociedadcivilenred.org.ar\/wp-content\/uploads\/2024\/12\/WhatsApp-Image-2024-12-06-at-16.55.03-768x549.jpeg\" class=\"attachment-medium_large size-medium_large wp-image-639\" alt=\"\" srcset=\"https:\/\/sociedadcivilenred.org.ar\/wp-content\/uploads\/2024\/12\/WhatsApp-Image-2024-12-06-at-16.55.03-768x549.jpeg 768w, https:\/\/sociedadcivilenred.org.ar\/wp-content\/uploads\/2024\/12\/WhatsApp-Image-2024-12-06-at-16.55.03-300x214.jpeg 300w, https:\/\/sociedadcivilenred.org.ar\/wp-content\/uploads\/2024\/12\/WhatsApp-Image-2024-12-06-at-16.55.03-1024x732.jpeg 1024w, https:\/\/sociedadcivilenred.org.ar\/wp-content\/uploads\/2024\/12\/WhatsApp-Image-2024-12-06-at-16.55.03-1536x1097.jpeg 1536w, https:\/\/sociedadcivilenred.org.ar\/wp-content\/uploads\/2024\/12\/WhatsApp-Image-2024-12-06-at-16.55.03-2048x1463.jpeg 2048w\" sizes=\"(max-width: 768px) 100vw, 768px\" \/>\t\t\t\t\t\t\t\t\t\t\t\t\t\t\t<\/div>\n\t\t\t\t<\/div>\n\t\t\t\t\t<\/div>\n\t\t<\/div>\n\t\t\t\t\t<\/div>\n\t\t<\/section>\n\t\t\t\t<section class=\"elementor-section elementor-top-section elementor-element elementor-element-b9626d5 elementor-section-boxed elementor-section-height-default elementor-section-height-default wpr-particle-no wpr-jarallax-no wpr-parallax-no wpr-sticky-section-no wpr-equal-height-no\" data-id=\"b9626d5\" data-element_type=\"section\" data-e-type=\"section\">\n\t\t\t\t\t\t<div class=\"elementor-container elementor-column-gap-default\">\n\t\t\t\t\t<div class=\"elementor-column elementor-col-100 elementor-top-column elementor-element elementor-element-3f1d36e\" data-id=\"3f1d36e\" data-element_type=\"column\" data-e-type=\"column\">\n\t\t\t<div class=\"elementor-widget-wrap elementor-element-populated\">\n\t\t\t\t\t\t<div class=\"elementor-element elementor-element-87dc1de elementor-widget elementor-widget-image\" data-id=\"87dc1de\" data-element_type=\"widget\" data-e-type=\"widget\" data-widget_type=\"image.default\">\n\t\t\t\t<div class=\"elementor-widget-container\">\n\t\t\t\t\t\t\t\t\t\t\t\t\t\t\t<img decoding=\"async\" width=\"768\" height=\"549\" src=\"https:\/\/sociedadcivilenred.org.ar\/wp-content\/uploads\/2024\/12\/lanzamiento-4-de-diciembre-8-768x549.jpeg\" class=\"attachment-medium_large size-medium_large wp-image-640\" alt=\"\" srcset=\"https:\/\/sociedadcivilenred.org.ar\/wp-content\/uploads\/2024\/12\/lanzamiento-4-de-diciembre-8-768x549.jpeg 768w, https:\/\/sociedadcivilenred.org.ar\/wp-content\/uploads\/2024\/12\/lanzamiento-4-de-diciembre-8-300x214.jpeg 300w, https:\/\/sociedadcivilenred.org.ar\/wp-content\/uploads\/2024\/12\/lanzamiento-4-de-diciembre-8-1024x732.jpeg 1024w, https:\/\/sociedadcivilenred.org.ar\/wp-content\/uploads\/2024\/12\/lanzamiento-4-de-diciembre-8-1536x1097.jpeg 1536w, https:\/\/sociedadcivilenred.org.ar\/wp-content\/uploads\/2024\/12\/lanzamiento-4-de-diciembre-8.jpeg 1600w\" sizes=\"(max-width: 768px) 100vw, 768px\" \/>\t\t\t\t\t\t\t\t\t\t\t\t\t\t\t<\/div>\n\t\t\t\t<\/div>\n\t\t\t\t\t<\/div>\n\t\t<\/div>\n\t\t\t\t\t<\/div>\n\t\t<\/section>\n\t\t\t\t<section class=\"elementor-section elementor-top-section elementor-element elementor-element-017c2e7 elementor-section-boxed elementor-section-height-default elementor-section-height-default wpr-particle-no wpr-jarallax-no wpr-parallax-no wpr-sticky-section-no wpr-equal-height-no\" data-id=\"017c2e7\" data-element_type=\"section\" data-e-type=\"section\">\n\t\t\t\t\t\t<div class=\"elementor-container elementor-column-gap-default\">\n\t\t\t\t\t<div class=\"elementor-column elementor-col-100 elementor-top-column elementor-element elementor-element-96c5547\" data-id=\"96c5547\" data-element_type=\"column\" data-e-type=\"column\">\n\t\t\t<div class=\"elementor-widget-wrap elementor-element-populated\">\n\t\t\t\t\t\t<div class=\"elementor-element elementor-element-30d5e63 elementor-widget elementor-widget-image\" data-id=\"30d5e63\" data-element_type=\"widget\" data-e-type=\"widget\" data-widget_type=\"image.default\">\n\t\t\t\t<div class=\"elementor-widget-container\">\n\t\t\t\t\t\t\t\t\t\t\t\t\t\t\t<img loading=\"lazy\" decoding=\"async\" width=\"768\" height=\"549\" src=\"https:\/\/sociedadcivilenred.org.ar\/wp-content\/uploads\/2024\/12\/lanzamiento-4-de-diciembre-2-768x549.jpeg\" class=\"attachment-medium_large size-medium_large wp-image-641\" alt=\"\" srcset=\"https:\/\/sociedadcivilenred.org.ar\/wp-content\/uploads\/2024\/12\/lanzamiento-4-de-diciembre-2-768x549.jpeg 768w, https:\/\/sociedadcivilenred.org.ar\/wp-content\/uploads\/2024\/12\/lanzamiento-4-de-diciembre-2-300x214.jpeg 300w, https:\/\/sociedadcivilenred.org.ar\/wp-content\/uploads\/2024\/12\/lanzamiento-4-de-diciembre-2-1024x732.jpeg 1024w, https:\/\/sociedadcivilenred.org.ar\/wp-content\/uploads\/2024\/12\/lanzamiento-4-de-diciembre-2-1536x1097.jpeg 1536w, https:\/\/sociedadcivilenred.org.ar\/wp-content\/uploads\/2024\/12\/lanzamiento-4-de-diciembre-2.jpeg 1600w\" sizes=\"(max-width: 768px) 100vw, 768px\" \/>\t\t\t\t\t\t\t\t\t\t\t\t\t\t\t<\/div>\n\t\t\t\t<\/div>\n\t\t\t\t\t<\/div>\n\t\t<\/div>\n\t\t\t\t\t<\/div>\n\t\t<\/section>\n\t\t\t\t<section class=\"elementor-section elementor-top-section elementor-element elementor-element-0b8a44a elementor-section-boxed elementor-section-height-default elementor-section-height-default wpr-particle-no wpr-jarallax-no wpr-parallax-no wpr-sticky-section-no wpr-equal-height-no\" data-id=\"0b8a44a\" data-element_type=\"section\" data-e-type=\"section\">\n\t\t\t\t\t\t<div class=\"elementor-container elementor-column-gap-default\">\n\t\t\t\t\t<div class=\"elementor-column elementor-col-100 elementor-top-column elementor-element elementor-element-47da6da\" data-id=\"47da6da\" data-element_type=\"column\" data-e-type=\"column\">\n\t\t\t<div class=\"elementor-widget-wrap elementor-element-populated\">\n\t\t\t\t\t\t<div class=\"elementor-element elementor-element-21db324 elementor-widget elementor-widget-image\" data-id=\"21db324\" data-element_type=\"widget\" data-e-type=\"widget\" data-widget_type=\"image.default\">\n\t\t\t\t<div class=\"elementor-widget-container\">\n\t\t\t\t\t\t\t\t\t\t\t\t\t\t\t<img loading=\"lazy\" decoding=\"async\" width=\"768\" height=\"549\" src=\"https:\/\/sociedadcivilenred.org.ar\/wp-content\/uploads\/2024\/12\/lanzamiento-4-de-diciembre-5-768x549.jpeg\" class=\"attachment-medium_large size-medium_large wp-image-642\" alt=\"\" srcset=\"https:\/\/sociedadcivilenred.org.ar\/wp-content\/uploads\/2024\/12\/lanzamiento-4-de-diciembre-5-768x549.jpeg 768w, https:\/\/sociedadcivilenred.org.ar\/wp-content\/uploads\/2024\/12\/lanzamiento-4-de-diciembre-5-300x214.jpeg 300w, https:\/\/sociedadcivilenred.org.ar\/wp-content\/uploads\/2024\/12\/lanzamiento-4-de-diciembre-5-1024x732.jpeg 1024w, https:\/\/sociedadcivilenred.org.ar\/wp-content\/uploads\/2024\/12\/lanzamiento-4-de-diciembre-5-1536x1097.jpeg 1536w, https:\/\/sociedadcivilenred.org.ar\/wp-content\/uploads\/2024\/12\/lanzamiento-4-de-diciembre-5.jpeg 1600w\" sizes=\"(max-width: 768px) 100vw, 768px\" \/>\t\t\t\t\t\t\t\t\t\t\t\t\t\t\t<\/div>\n\t\t\t\t<\/div>\n\t\t\t\t\t<\/div>\n\t\t<\/div>\n\t\t\t\t\t<\/div>\n\t\t<\/section>\n\t\t\t\t<\/div>\n\t\t","protected":false},"excerpt":{"rendered":"<p>El pasado 4 de diciembre, desde el Laboratorio P\u00fablico Privado (iniciativa de GDFE y RIL), la Asociaci\u00f3n Kair\u00f3s (parte de Red Encuentro) y la Municipalidad de Maip\u00fa, Mendoza, representada por su Intendente, Mat\u00edas Stevanato, dimos inicio a Horizonte Joven: una iniciativa del Nodo Cuyo de Sociedad Civil en Red. El encuentro reuni\u00f3 actores del sector p\u00fablico, privado y de la sociedad civil con el objetivo de construir juntos un espacio de colaboraci\u00f3n multiactoral que promueva el protagonismo juvenil en la vida p\u00fablica. Durante la jornada, reflexionamos sobre: \u00a0La articulaci\u00f3n p\u00fablico-privada como modelo de gobernanza y su potencial para abordar los desaf\u00edos de la juventud. Las herramientas municipales que ya est\u00e1n transformando la participaci\u00f3n ciudadana, como el presupuesto participativo. La perspectiva de los j\u00f3venes, con aportes inspiradores de Kair\u00f3s y otros actores locales. Adem\u00e1s, presentamos el cronograma de trabajo de Horizonte Joven, que incluye talleres participativos y propuestas concretas para fortalecer las pol\u00edticas p\u00fablicas orientadas a los j\u00f3venes de Maip\u00fa. Agradecemos profundamente a todos los participantes que se sumaron al di\u00e1logo. Su involucramiento es clave para seguir construyendo una Maip\u00fa m\u00e1s inclusiva y sostenible. \u00a1Esto es solo el comienzo! En los pr\u00f3ximos meses continuaremos trabajando juntos en esta iniciativa, consolidando acciones que reflejen las voces y las prioridades de la juventud. \u00a0<\/p>\n","protected":false},"author":2,"featured_media":646,"comment_status":"open","ping_status":"open","sticky":false,"template":"","format":"standard","meta":{"footnotes":""},"categories":[7],"tags":[27,29,3,23,18],"class_list":["post-635","post","type-post","status-publish","format-standard","has-post-thumbnail","hentry","category-noticias","tag-maipu","tag-nodo-cuyo","tag-organizaciones-sociales","tag-osc","tag-sociedad-civil-en-red"],"_links":{"self":[{"href":"https:\/\/sociedadcivilenred.org.ar\/index.php\/wp-json\/wp\/v2\/posts\/635","targetHints":{"allow":["GET"]}}],"collection":[{"href":"https:\/\/sociedadcivilenred.org.ar\/index.php\/wp-json\/wp\/v2\/posts"}],"about":[{"href":"https:\/\/sociedadcivilenred.org.ar\/index.php\/wp-json\/wp\/v2\/types\/post"}],"author":[{"embeddable":true,"href":"https:\/\/sociedadcivilenred.org.ar\/index.php\/wp-json\/wp\/v2\/users\/2"}],"replies":[{"embeddable":true,"href":"https:\/\/sociedadcivilenred.org.ar\/index.php\/wp-json\/wp\/v2\/comments?post=635"}],"version-history":[{"count":12,"href":"https:\/\/sociedadcivilenred.org.ar\/index.php\/wp-json\/wp\/v2\/posts\/635\/revisions"}],"predecessor-version":[{"id":662,"href":"https:\/\/sociedadcivilenred.org.ar\/index.php\/wp-json\/wp\/v2\/posts\/635\/revisions\/662"}],"wp:featuredmedia":[{"embeddable":true,"href":"https:\/\/sociedadcivilenred.org.ar\/index.php\/wp-json\/wp\/v2\/media\/646"}],"wp:attachment":[{"href":"https:\/\/sociedadcivilenred.org.ar\/index.php\/wp-json\/wp\/v2\/media?parent=635"}],"wp:term":[{"taxonomy":"category","embeddable":true,"href":"https:\/\/sociedadcivilenred.org.ar\/index.php\/wp-json\/wp\/v2\/categories?post=635"},{"taxonomy":"post_tag","embeddable":true,"href":"https:\/\/sociedadcivilenred.org.ar\/index.php\/wp-json\/wp\/v2\/tags?post=635"}],"curies":[{"name":"wp","href":"https:\/\/api.w.org\/{rel}","templated":true}]}}