{"id":664,"date":"2024-12-17T16:13:35","date_gmt":"2024-12-17T15:13:35","guid":{"rendered":"https:\/\/sociedadcivilenred.org.ar\/?p=664"},"modified":"2024-12-17T16:13:41","modified_gmt":"2024-12-17T15:13:41","slug":"encuentros-regionales-de-juventudes-de-la-sociedad-civil-de-argentina","status":"publish","type":"post","link":"https:\/\/sociedadcivilenred.org.ar\/index.php\/2024\/12\/17\/encuentros-regionales-de-juventudes-de-la-sociedad-civil-de-argentina\/","title":{"rendered":"Encuentros Regionales de Juventudes de la Sociedad Civil de Argentina"},"content":{"rendered":"\t\t<div data-elementor-type=\"wp-post\" data-elementor-id=\"664\" class=\"elementor elementor-664\" data-elementor-post-type=\"post\">\n\t\t\t\t\t\t<section class=\"elementor-section elementor-top-section elementor-element elementor-element-4925b48 elementor-section-boxed elementor-section-height-default elementor-section-height-default wpr-particle-no wpr-jarallax-no wpr-parallax-no wpr-sticky-section-no wpr-equal-height-no\" data-id=\"4925b48\" data-element_type=\"section\" data-e-type=\"section\">\n\t\t\t\t\t\t<div class=\"elementor-container elementor-column-gap-default\">\n\t\t\t\t\t<div class=\"elementor-column elementor-col-100 elementor-top-column elementor-element elementor-element-6eb97e3\" data-id=\"6eb97e3\" data-element_type=\"column\" data-e-type=\"column\">\n\t\t\t<div class=\"elementor-widget-wrap elementor-element-populated\">\n\t\t\t\t\t\t<div class=\"elementor-element elementor-element-7749d10 elementor-widget elementor-widget-text-editor\" data-id=\"7749d10\" data-element_type=\"widget\" data-e-type=\"widget\" data-widget_type=\"text-editor.default\">\n\t\t\t\t<div class=\"elementor-widget-container\">\n\t\t\t\t\t\t\t\t\t<p><span style=\"font-weight: 400\">Durante 2024 se desarrollaron los primeros encuentros de juventudes en distintos nodos regionales, promoviendo la reflexi\u00f3n, el debate y la participaci\u00f3n pol\u00edtica de j\u00f3venes de todo el pa\u00eds.<\/span><\/p><p><span style=\"font-weight: 400\">El primer encuentro tuvo lugar en septiembre en la provincia de C\u00f3rdoba, reuniendo a 70 j\u00f3venes del Nodo Centro. La actividad fue organizada por <a href=\"https:\/\/www.instagram.com\/suyaifundacion\/?hl=es\">Fundaci\u00f3n Suyai<\/a> y cont\u00f3 con una participaci\u00f3n activa en din\u00e1micas relacionadas con el rol y la incidencia pol\u00edtica de las juventudes.<\/span><\/p><p><span style=\"font-weight: 400\">En noviembre, la ciudad de Bariloche fue sede del segundo encuentro, correspondiente al Nodo Patagonia. Bajo la coordinaci\u00f3n de la organizaci\u00f3n local <a href=\"https:\/\/www.instagram.com\/fundaciongentenueva_bche\/\">Gente Nueva<\/a>, participaron 80 j\u00f3venes de la regi\u00f3n, junto con invitados e invitadas de diferentes provincias. Durante tres\u00a0<\/span><span style=\"font-weight: 400\">d\u00edas, se compartieron experiencias y se debatieron demandas hacia la pol\u00edtica en general,\u00a0<\/span><span style=\"font-weight: 400\">consolidando un espacio de intercambio enriquecedor.<\/span><\/p><p><span style=\"font-weight: 400\">Estos encuentros se desarrollan dentro de la Semana por los Derechos de las Juventudes, una plataforma nacional coordinada por <a href=\"https:\/\/fundses.org.ar\/\">Fundaci\u00f3n SES<\/a> y <a href=\"https:\/\/www.instagram.com\/jovenessolidarios\/?hl=es\">J\u00f3venes Solidarios<\/a>, ambas organizaciones miembro de <a href=\"https:\/\/www.instagram.com\/red.encuentro\/\">Red Encuentro<\/a>.<\/span><\/p><p><span style=\"font-weight: 400\">El inicio de 2025 traer\u00e1 nuevos encuentros. En enero, Casa Joven de Jujuy ser\u00e1 la anfitriona de un encuentro de dos d\u00edas con juventudes de la regi\u00f3n. A estos se sumar\u00e1n las <\/span><span style=\"font-weight: 400\">actividades previstas en Misiones, FOVEFOMI y Escobar, CISPA, continuando con la agenda de promoci\u00f3n de los derechos y la participaci\u00f3n juvenil.<\/span><\/p>\t\t\t\t\t\t\t\t<\/div>\n\t\t\t\t<\/div>\n\t\t\t\t\t<\/div>\n\t\t<\/div>\n\t\t\t\t\t<\/div>\n\t\t<\/section>\n\t\t\t\t<section class=\"elementor-section elementor-top-section elementor-element elementor-element-3767f99 elementor-section-boxed elementor-section-height-default elementor-section-height-default wpr-particle-no wpr-jarallax-no wpr-parallax-no wpr-sticky-section-no wpr-equal-height-no\" data-id=\"3767f99\" data-element_type=\"section\" data-e-type=\"section\">\n\t\t\t\t\t\t<div class=\"elementor-container elementor-column-gap-default\">\n\t\t\t\t\t<div class=\"elementor-column elementor-col-100 elementor-top-column elementor-element elementor-element-80f7536\" data-id=\"80f7536\" data-element_type=\"column\" data-e-type=\"column\">\n\t\t\t<div class=\"elementor-widget-wrap elementor-element-populated\">\n\t\t\t\t\t\t<div class=\"elementor-element elementor-element-02771e6 elementor-widget elementor-widget-image\" data-id=\"02771e6\" data-element_type=\"widget\" data-e-type=\"widget\" data-widget_type=\"image.default\">\n\t\t\t\t<div class=\"elementor-widget-container\">\n\t\t\t\t\t\t\t\t\t\t\t\t\t\t\t<img fetchpriority=\"high\" decoding=\"async\" width=\"768\" height=\"512\" src=\"https:\/\/sociedadcivilenred.org.ar\/wp-content\/uploads\/2024\/12\/foto-cordoba-768x512.jpg\" class=\"attachment-medium_large size-medium_large wp-image-667\" alt=\"\" srcset=\"https:\/\/sociedadcivilenred.org.ar\/wp-content\/uploads\/2024\/12\/foto-cordoba-768x512.jpg 768w, https:\/\/sociedadcivilenred.org.ar\/wp-content\/uploads\/2024\/12\/foto-cordoba-300x200.jpg 300w, https:\/\/sociedadcivilenred.org.ar\/wp-content\/uploads\/2024\/12\/foto-cordoba-1024x682.jpg 1024w, https:\/\/sociedadcivilenred.org.ar\/wp-content\/uploads\/2024\/12\/foto-cordoba-1536x1023.jpg 1536w, https:\/\/sociedadcivilenred.org.ar\/wp-content\/uploads\/2024\/12\/foto-cordoba-570x380.jpg 570w, https:\/\/sociedadcivilenred.org.ar\/wp-content\/uploads\/2024\/12\/foto-cordoba-380x254.jpg 380w, https:\/\/sociedadcivilenred.org.ar\/wp-content\/uploads\/2024\/12\/foto-cordoba-285x190.jpg 285w, https:\/\/sociedadcivilenred.org.ar\/wp-content\/uploads\/2024\/12\/foto-cordoba.jpg 1600w\" sizes=\"(max-width: 768px) 100vw, 768px\" \/>\t\t\t\t\t\t\t\t\t\t\t\t\t\t\t<\/div>\n\t\t\t\t<\/div>\n\t\t\t\t\t<\/div>\n\t\t<\/div>\n\t\t\t\t\t<\/div>\n\t\t<\/section>\n\t\t\t\t<\/div>\n\t\t","protected":false},"excerpt":{"rendered":"<p>Durante 2024 se desarrollaron los primeros encuentros de juventudes en distintos nodos regionales, promoviendo la reflexi\u00f3n, el debate y la participaci\u00f3n pol\u00edtica de j\u00f3venes de todo el pa\u00eds. El primer encuentro tuvo lugar en septiembre en la provincia de C\u00f3rdoba, reuniendo a 70 j\u00f3venes del Nodo Centro. La actividad fue organizada por Fundaci\u00f3n Suyai y cont\u00f3 con una participaci\u00f3n activa en din\u00e1micas relacionadas con el rol y la incidencia pol\u00edtica de las juventudes. En noviembre, la ciudad de Bariloche fue sede del segundo encuentro, correspondiente al Nodo Patagonia. Bajo la coordinaci\u00f3n de la organizaci\u00f3n local Gente Nueva, participaron 80 j\u00f3venes de la regi\u00f3n, junto con invitados e invitadas de diferentes provincias. Durante tres\u00a0d\u00edas, se compartieron experiencias y se debatieron demandas hacia la pol\u00edtica en general,\u00a0consolidando un espacio de intercambio enriquecedor. Estos encuentros se desarrollan dentro de la Semana por los Derechos de las Juventudes, una plataforma nacional coordinada por Fundaci\u00f3n SES y J\u00f3venes Solidarios, ambas organizaciones miembro de Red Encuentro. El inicio de 2025 traer\u00e1 nuevos encuentros. En enero, Casa Joven de Jujuy ser\u00e1 la anfitriona de un encuentro de dos d\u00edas con juventudes de la regi\u00f3n. A estos se sumar\u00e1n las actividades previstas en Misiones, FOVEFOMI y Escobar, CISPA, continuando con la agenda de promoci\u00f3n de los derechos y la participaci\u00f3n juvenil.<\/p>\n","protected":false},"author":2,"featured_media":665,"comment_status":"open","ping_status":"open","sticky":false,"template":"","format":"standard","meta":{"footnotes":""},"categories":[7],"tags":[31,24,3,23,32,18],"class_list":["post-664","post","type-post","status-publish","format-standard","has-post-thumbnail","hentry","category-noticias","tag-jovenes","tag-organizaciones-de-la-sociedad-civil","tag-organizaciones-sociales","tag-osc","tag-red-encuentro","tag-sociedad-civil-en-red"],"_links":{"self":[{"href":"https:\/\/sociedadcivilenred.org.ar\/index.php\/wp-json\/wp\/v2\/posts\/664","targetHints":{"allow":["GET"]}}],"collection":[{"href":"https:\/\/sociedadcivilenred.org.ar\/index.php\/wp-json\/wp\/v2\/posts"}],"about":[{"href":"https:\/\/sociedadcivilenred.org.ar\/index.php\/wp-json\/wp\/v2\/types\/post"}],"author":[{"embeddable":true,"href":"https:\/\/sociedadcivilenred.org.ar\/index.php\/wp-json\/wp\/v2\/users\/2"}],"replies":[{"embeddable":true,"href":"https:\/\/sociedadcivilenred.org.ar\/index.php\/wp-json\/wp\/v2\/comments?post=664"}],"version-history":[{"count":7,"href":"https:\/\/sociedadcivilenred.org.ar\/index.php\/wp-json\/wp\/v2\/posts\/664\/revisions"}],"predecessor-version":[{"id":673,"href":"https:\/\/sociedadcivilenred.org.ar\/index.php\/wp-json\/wp\/v2\/posts\/664\/revisions\/673"}],"wp:featuredmedia":[{"embeddable":true,"href":"https:\/\/sociedadcivilenred.org.ar\/index.php\/wp-json\/wp\/v2\/media\/665"}],"wp:attachment":[{"href":"https:\/\/sociedadcivilenred.org.ar\/index.php\/wp-json\/wp\/v2\/media?parent=664"}],"wp:term":[{"taxonomy":"category","embeddable":true,"href":"https:\/\/sociedadcivilenred.org.ar\/index.php\/wp-json\/wp\/v2\/categories?post=664"},{"taxonomy":"post_tag","embeddable":true,"href":"https:\/\/sociedadcivilenred.org.ar\/index.php\/wp-json\/wp\/v2\/tags?post=664"}],"curies":[{"name":"wp","href":"https:\/\/api.w.org\/{rel}","templated":true}]}}