{"id":708,"date":"2025-04-01T15:39:01","date_gmt":"2025-04-01T13:39:01","guid":{"rendered":"https:\/\/sociedadcivilenred.org.ar\/?p=708"},"modified":"2025-04-01T15:39:02","modified_gmt":"2025-04-01T13:39:02","slug":"capacitacion-gratuita-para-organizaciones-sociales-taller-sobre-gestion-eficiente-de-proyectos","status":"publish","type":"post","link":"https:\/\/sociedadcivilenred.org.ar\/index.php\/2025\/04\/01\/capacitacion-gratuita-para-organizaciones-sociales-taller-sobre-gestion-eficiente-de-proyectos\/","title":{"rendered":"Capacitaci\u00f3n gratuita para organizaciones sociales: Taller sobre Gesti\u00f3n Eficiente de Proyectos"},"content":{"rendered":"\n<p>El pasado jueves 27 de marzo a las 16 horas se llev\u00f3 a cabo en la Ciudad de Buenos Aires el Taller <strong>\u201cGesti\u00f3n Eficiente de Proyectos\u201d<\/strong>, dictado por el CPN Eduardo Artola, representante de Aportes de Gesti\u00f3n, Asociaci\u00f3n Civil.<\/p>\n\n\n\n<p>Durante el encuentro se abordaron temas clave para fortalecer las capacidades de gesti\u00f3n de las organizaciones sociales, entre ellos: factores de \u00e9xito en la formulaci\u00f3n y ejecuci\u00f3n de proyectos, definiciones iniciales y establecimiento de prioridades, gesti\u00f3n eficiente y las distintas etapas para estructurar un proyecto sustentable.<\/p>\n\n\n\n<p>La actividad fue <strong>abierta, libre y gratuita<\/strong>, y convoc\u00f3 a representantes de diversas organizaciones con fines sociales&nbsp; interesadas en profesionalizar su labor y mejorar el impacto de sus iniciativas.<\/p>\n\n\n\n<p>El taller fue organizado por la <strong>Fundaci\u00f3n Recursos Humanos en Red<\/strong>, miembro de <strong>FEDEFA<\/strong>, y se realiz\u00f3 en el marco del proyecto <strong>Sociedad Civil en Red<\/strong>, cofinanciado por la <strong>Uni\u00f3n Europea<\/strong>. Este tipo de propuestas forman parte del compromiso del proyecto con el fortalecimiento de las Organizaciones de la Sociedad Civil&nbsp; y la promoci\u00f3n de herramientas que potencien su labor en todo el pa\u00eds.<\/p>\n\n\n\n<p>\u00a1Gracias a todas las personas que participaron!&nbsp;<\/p>\n","protected":false},"excerpt":{"rendered":"<p>El pasado jueves 27 de marzo a las 16 horas se llev\u00f3 a cabo en la Ciudad de Buenos Aires el Taller \u201cGesti\u00f3n Eficiente de Proyectos\u201d, dictado por el CPN Eduardo Artola, representante de Aportes de Gesti\u00f3n, Asociaci\u00f3n Civil. Durante el encuentro se abordaron temas clave para fortalecer las capacidades de gesti\u00f3n de las organizaciones sociales, entre ellos: factores de \u00e9xito en la formulaci\u00f3n y ejecuci\u00f3n de proyectos, definiciones iniciales y establecimiento de prioridades, gesti\u00f3n eficiente y las distintas etapas para estructurar un proyecto sustentable. La actividad fue abierta, libre y gratuita, y convoc\u00f3 a representantes de diversas organizaciones con fines sociales&nbsp; interesadas en profesionalizar su labor y mejorar el impacto de sus iniciativas. El taller fue organizado por la Fundaci\u00f3n Recursos Humanos en Red, miembro de FEDEFA, y se realiz\u00f3 en el marco del proyecto Sociedad Civil en Red, cofinanciado por la Uni\u00f3n Europea. Este tipo de propuestas forman parte del compromiso del proyecto con el fortalecimiento de las Organizaciones de la Sociedad Civil&nbsp; y la promoci\u00f3n de herramientas que potencien su labor en todo el pa\u00eds. \u00a1Gracias a todas las personas que participaron!&nbsp;<\/p>\n","protected":false},"author":2,"featured_media":699,"comment_status":"open","ping_status":"open","sticky":false,"template":"","format":"standard","meta":{"footnotes":""},"categories":[7],"tags":[23,18],"class_list":["post-708","post","type-post","status-publish","format-standard","has-post-thumbnail","hentry","category-noticias","tag-osc","tag-sociedad-civil-en-red"],"_links":{"self":[{"href":"https:\/\/sociedadcivilenred.org.ar\/index.php\/wp-json\/wp\/v2\/posts\/708","targetHints":{"allow":["GET"]}}],"collection":[{"href":"https:\/\/sociedadcivilenred.org.ar\/index.php\/wp-json\/wp\/v2\/posts"}],"about":[{"href":"https:\/\/sociedadcivilenred.org.ar\/index.php\/wp-json\/wp\/v2\/types\/post"}],"author":[{"embeddable":true,"href":"https:\/\/sociedadcivilenred.org.ar\/index.php\/wp-json\/wp\/v2\/users\/2"}],"replies":[{"embeddable":true,"href":"https:\/\/sociedadcivilenred.org.ar\/index.php\/wp-json\/wp\/v2\/comments?post=708"}],"version-history":[{"count":1,"href":"https:\/\/sociedadcivilenred.org.ar\/index.php\/wp-json\/wp\/v2\/posts\/708\/revisions"}],"predecessor-version":[{"id":709,"href":"https:\/\/sociedadcivilenred.org.ar\/index.php\/wp-json\/wp\/v2\/posts\/708\/revisions\/709"}],"wp:featuredmedia":[{"embeddable":true,"href":"https:\/\/sociedadcivilenred.org.ar\/index.php\/wp-json\/wp\/v2\/media\/699"}],"wp:attachment":[{"href":"https:\/\/sociedadcivilenred.org.ar\/index.php\/wp-json\/wp\/v2\/media?parent=708"}],"wp:term":[{"taxonomy":"category","embeddable":true,"href":"https:\/\/sociedadcivilenred.org.ar\/index.php\/wp-json\/wp\/v2\/categories?post=708"},{"taxonomy":"post_tag","embeddable":true,"href":"https:\/\/sociedadcivilenred.org.ar\/index.php\/wp-json\/wp\/v2\/tags?post=708"}],"curies":[{"name":"wp","href":"https:\/\/api.w.org\/{rel}","templated":true}]}}