{"id":712,"date":"2025-04-01T15:44:41","date_gmt":"2025-04-01T13:44:41","guid":{"rendered":"https:\/\/sociedadcivilenred.org.ar\/?p=712"},"modified":"2025-04-01T15:44:41","modified_gmt":"2025-04-01T13:44:41","slug":"congreso-de-organizaciones-sociales-2025","status":"publish","type":"post","link":"https:\/\/sociedadcivilenred.org.ar\/index.php\/2025\/04\/01\/congreso-de-organizaciones-sociales-2025\/","title":{"rendered":"Congreso de Organizaciones Sociales 2025"},"content":{"rendered":"\n<p>La Legislatura de C\u00f3rdoba, a trav\u00e9s de la vicegobernadora Myrian Prunotto, y el Proyecto Sociedad Civil en Red invitan a todas las organizaciones sociales de la provincia al \u201cCongreso Formativo y de Co-creaci\u00f3n de Pol\u00edticas P\u00fablicas\u201c, que tendr\u00e1 lugar en el sal\u00f3n Alto Bot\u00e1nico (Chancay 600, ciudad de C\u00f3rdoba) los d\u00edas 10 y 11 de abril de 2025.<\/p>\n\n\n\n<p><strong>D\u00eda 1 &#8211; 10 de abril<\/strong><\/p>\n\n\n\n<p><strong>De 9 a 10 | Apertura con autoridades<\/strong><\/p>\n\n\n\n<p><strong>De 10 a 13 | Bloque formativo te\u00f3rico-pr\u00e1ctico<\/strong><\/p>\n\n\n\n<p>Las tres herramientas que se trabajar\u00e1n son: diagn\u00f3stico, problematizaci\u00f3n y fundamentaci\u00f3n \/ presupuesto \/ ruta causal y dise\u00f1o de cadena de valor.<\/p>\n\n\n\n<p>Se presentar\u00e1 cada herramienta de manera expositiva y luego las organizaciones participantes tendr\u00e1n tiempo para trabajarlas de forma individual sobre sus proyectos borradores que traigan al espacio. Para ello, contar\u00e1n con la asistencia de talleristas\/tutores, que resolver\u00e1n las dudas que puedan ir surgiendo.<\/p>\n\n\n\n<p>Este primer bloque se cerrar\u00e1 con una puesta en com\u00fan y con el detalle de la oferta de espacios formativos y de acompa\u00f1amiento continuo en la asistencia para la formulaci\u00f3n de los proyectos.<\/p>\n\n\n\n<p><strong>De 13 a 14 | Almuerzo<\/strong><\/p>\n\n\n\n<p><strong>De 14 a 17 | Paneles<\/strong><\/p>\n\n\n\n<ul class=\"wp-block-list\">\n<li>Herramientas para OSC, a cargo de la Universidad Provincial de C\u00f3rdoba, la Inspecci\u00f3n de Personas Jur\u00eddicas y el Consejo Profesional de Ciencias Econ\u00f3micas.<\/li>\n\n\n\n<li>Transversalidad de g\u00e9nero en los proyectos.<\/li>\n\n\n\n<li>L\u00edneas de financiamiento de proyectos, con la participaci\u00f3n de Gobierno, Empresas, Uni\u00f3n Europea y la Red Argentina por la Cooperaci\u00f3n Internacional. Se informar\u00e1 sobre l\u00edneas concretas de financiamiento para los proyectos que fueron construidos a lo largo del d\u00eda.<\/li>\n<\/ul>\n\n\n\n<p><strong>De 17 a 17.30 | Cierre<\/strong><\/p>\n\n\n\n<p><strong>\u00a1IMPORTANTE!<\/strong><\/p>\n\n\n\n<p>Para este d\u00eda, las organizaciones deber\u00e1n venir con un proyecto borrador ya armado que sirva como herramienta de trabajo durante la jornada. Este deber\u00e1 responder las siguientes preguntas:<\/p>\n\n\n\n<ul class=\"wp-block-list\">\n<li>\u00bfQu\u00e9 problema busca resolver? (diagn\u00f3stico \u2013 problematizaci\u00f3n)<\/li>\n\n\n\n<li>\u00bfEn d\u00f3nde y con quienes se desarrollar\u00e1 el proyecto? (an\u00e1lisis situacional y de contexto)<\/li>\n\n\n\n<li>Objetivo (alcance cuantitativo y temporal del proyecto)<\/li>\n\n\n\n<li>Plan de trabajo (cronograma de acciones y resultados esperados)<\/li>\n\n\n\n<li>Indicadores (plan de medici\u00f3n)<\/li>\n\n\n\n<li>Presupuesto (detalle de los recursos necesarios)<\/li>\n<\/ul>\n\n\n\n<p><strong>\u2014&#8212;&#8212;&#8212;&#8212;&#8212;&#8211;<\/strong><\/p>\n\n\n\n<p><strong>D\u00eda 2 &#8211; 11 de abril<\/strong><\/p>\n\n\n\n<p><strong>De 9 a 10 | Recepci\u00f3n y apertura<\/strong><\/p>\n\n\n\n<p><strong>De 10 a 12.30 | Espacio de co-creaci\u00f3n de pol\u00edticas p\u00fablicas<\/strong><\/p>\n\n\n\n<p>El intercambio funcionar\u00e1 de manera espiralada, partiendo de un grupo de 4 problem\u00e1ticas y 8 propuestas de soluciones (2 por cada problem\u00e1tica) producto del relevamiento realizado. Se buscar\u00e1 que los participantes arriben, al menos, a una propuesta concreta asumida en la agenda p\u00fablica.<\/p>\n\n\n\n<p>Este m\u00f3dulo de co-creaci\u00f3n ser\u00e1 enmarcado en los seis grandes temas que se vienen trabajando desde las Mesas Tem\u00e1ticas de SCR:<\/p>\n\n\n\n<ul class=\"wp-block-list\">\n<li>Educaci\u00f3n<\/li>\n\n\n\n<li>Salud<\/li>\n\n\n\n<li>Sostenibilidad ambiental<\/li>\n\n\n\n<li>Soberan\u00eda alimentaria<\/li>\n\n\n\n<li>Juventudes<\/li>\n\n\n\n<li>Democracia y Derechos Humanos<\/li>\n<\/ul>\n\n\n\n<p>En este espacio, se revisar\u00e1n los problemas y las propuestas detectadas por las OSC. Las organizaciones, en conjunto con los representantes de los poderes Ejecutivo y Legislativo, debatir\u00e1n sobre los principales problemas y sobre las propuestas de soluci\u00f3n relevados previamente desde las OSC.<\/p>\n\n\n\n<p>Cabe destacar que, al ser una co-creaci\u00f3n entre las OSC y los poderes provinciales, la implementaci\u00f3n de la pol\u00edtica p\u00fablica seleccionada bien podr\u00eda ser de responsabilidad conjunta entre las partes.<\/p>\n\n\n\n<p><strong>De 12.30 a 13.00 | Presentaci\u00f3n p\u00fablica de las propuestas asumidas en agenda<\/strong><\/p>\n\n\n\n<p>Un representante de cada eje tem\u00e1tico presentar\u00e1 la propuesta a implementar y el problema (o problemas) que buscar\u00e1 resolver.<\/p>\n\n\n\n<p><strong>De 13.30 a 14 | Cierre<\/strong><\/p>\n\n\n\n<p><strong>Inscribite haciendo click <a href=\"https:\/\/docs.google.com\/forms\/d\/e\/1FAIpQLSduobWleb1omHWnbhgIddKAlLrEUx5KEmKZe9kiJblUgiN-aQ\/viewform\">ac\u00e1<\/a>. <\/strong><\/p>\n","protected":false},"excerpt":{"rendered":"<p>La Legislatura de C\u00f3rdoba, a trav\u00e9s de la vicegobernadora Myrian Prunotto, y el Proyecto Sociedad Civil en Red invitan a todas las organizaciones sociales de la provincia al \u201cCongreso Formativo y de Co-creaci\u00f3n de Pol\u00edticas P\u00fablicas\u201c, que tendr\u00e1 lugar en el sal\u00f3n Alto Bot\u00e1nico (Chancay 600, ciudad de C\u00f3rdoba) los d\u00edas 10 y 11 de abril de 2025. D\u00eda 1 &#8211; 10 de abril De 9 a 10 | Apertura con autoridades De 10 a 13 | Bloque formativo te\u00f3rico-pr\u00e1ctico Las tres herramientas que se trabajar\u00e1n son: diagn\u00f3stico, problematizaci\u00f3n y fundamentaci\u00f3n \/ presupuesto \/ ruta causal y dise\u00f1o de cadena de valor. Se presentar\u00e1 cada herramienta de manera expositiva y luego las organizaciones participantes tendr\u00e1n tiempo para trabajarlas de forma individual sobre sus proyectos borradores que traigan al espacio. Para ello, contar\u00e1n con la asistencia de talleristas\/tutores, que resolver\u00e1n las dudas que puedan ir surgiendo. Este primer bloque se cerrar\u00e1 con una puesta en com\u00fan y con el detalle de la oferta de espacios formativos y de acompa\u00f1amiento continuo en la asistencia para la formulaci\u00f3n de los proyectos. De 13 a 14 | Almuerzo De 14 a 17 | Paneles De 17 a 17.30 | Cierre \u00a1IMPORTANTE! Para este d\u00eda, las organizaciones deber\u00e1n venir con un proyecto borrador ya armado que sirva como herramienta de trabajo durante la jornada. Este deber\u00e1 responder las siguientes preguntas: \u2014&#8212;&#8212;&#8212;&#8212;&#8212;&#8211; D\u00eda 2 &#8211; 11 de abril De 9 a 10 | Recepci\u00f3n y apertura De 10 a 12.30 | Espacio de co-creaci\u00f3n de pol\u00edticas p\u00fablicas El intercambio funcionar\u00e1 de manera espiralada, partiendo de un grupo de 4 problem\u00e1ticas y 8 propuestas de soluciones (2 por cada problem\u00e1tica) producto del relevamiento realizado. Se buscar\u00e1 que los participantes arriben, al menos, a una propuesta concreta asumida en la agenda p\u00fablica. Este m\u00f3dulo de co-creaci\u00f3n ser\u00e1 enmarcado en los seis grandes temas que se vienen trabajando desde las Mesas Tem\u00e1ticas de SCR: En este espacio, se revisar\u00e1n los problemas y las propuestas detectadas por las OSC. Las organizaciones, en conjunto con los representantes de los poderes Ejecutivo y Legislativo, debatir\u00e1n sobre los principales problemas y sobre las propuestas de soluci\u00f3n relevados previamente desde las OSC. Cabe destacar que, al ser una co-creaci\u00f3n entre las OSC y los poderes provinciales, la implementaci\u00f3n de la pol\u00edtica p\u00fablica seleccionada bien podr\u00eda ser de responsabilidad conjunta entre las partes. De 12.30 a 13.00 | Presentaci\u00f3n p\u00fablica de las propuestas asumidas en agenda Un representante de cada eje tem\u00e1tico presentar\u00e1 la propuesta a implementar y el problema (o problemas) que buscar\u00e1 resolver. De 13.30 a 14 | Cierre Inscribite haciendo click ac\u00e1.<\/p>\n","protected":false},"author":2,"featured_media":713,"comment_status":"open","ping_status":"open","sticky":false,"template":"","format":"standard","meta":{"footnotes":""},"categories":[7],"tags":[12,30,23,18],"class_list":["post-712","post","type-post","status-publish","format-standard","has-post-thumbnail","hentry","category-noticias","tag-encuentro-regional","tag-nodo-centro","tag-osc","tag-sociedad-civil-en-red"],"_links":{"self":[{"href":"https:\/\/sociedadcivilenred.org.ar\/index.php\/wp-json\/wp\/v2\/posts\/712","targetHints":{"allow":["GET"]}}],"collection":[{"href":"https:\/\/sociedadcivilenred.org.ar\/index.php\/wp-json\/wp\/v2\/posts"}],"about":[{"href":"https:\/\/sociedadcivilenred.org.ar\/index.php\/wp-json\/wp\/v2\/types\/post"}],"author":[{"embeddable":true,"href":"https:\/\/sociedadcivilenred.org.ar\/index.php\/wp-json\/wp\/v2\/users\/2"}],"replies":[{"embeddable":true,"href":"https:\/\/sociedadcivilenred.org.ar\/index.php\/wp-json\/wp\/v2\/comments?post=712"}],"version-history":[{"count":1,"href":"https:\/\/sociedadcivilenred.org.ar\/index.php\/wp-json\/wp\/v2\/posts\/712\/revisions"}],"predecessor-version":[{"id":714,"href":"https:\/\/sociedadcivilenred.org.ar\/index.php\/wp-json\/wp\/v2\/posts\/712\/revisions\/714"}],"wp:featuredmedia":[{"embeddable":true,"href":"https:\/\/sociedadcivilenred.org.ar\/index.php\/wp-json\/wp\/v2\/media\/713"}],"wp:attachment":[{"href":"https:\/\/sociedadcivilenred.org.ar\/index.php\/wp-json\/wp\/v2\/media?parent=712"}],"wp:term":[{"taxonomy":"category","embeddable":true,"href":"https:\/\/sociedadcivilenred.org.ar\/index.php\/wp-json\/wp\/v2\/categories?post=712"},{"taxonomy":"post_tag","embeddable":true,"href":"https:\/\/sociedadcivilenred.org.ar\/index.php\/wp-json\/wp\/v2\/tags?post=712"}],"curies":[{"name":"wp","href":"https:\/\/api.w.org\/{rel}","templated":true}]}}