{"id":718,"date":"2025-04-01T15:50:41","date_gmt":"2025-04-01T13:50:41","guid":{"rendered":"https:\/\/sociedadcivilenred.org.ar\/?p=718"},"modified":"2025-04-01T15:50:42","modified_gmt":"2025-04-01T13:50:42","slug":"finalizo-el-primer-ciclo-de-dialogos-del-proyecto-de-cooperacion-alimentaria","status":"publish","type":"post","link":"https:\/\/sociedadcivilenred.org.ar\/index.php\/2025\/04\/01\/finalizo-el-primer-ciclo-de-dialogos-del-proyecto-de-cooperacion-alimentaria\/","title":{"rendered":"Finaliz\u00f3 el primer ciclo de di\u00e1logos del Proyecto de Cooperaci\u00f3n Alimentaria"},"content":{"rendered":"\n<p>El pasado 27 de marzo dimos cierre al <strong>primer ciclo de di\u00e1logos virtuales del Proyecto de Cooperaci\u00f3n Alimentaria<\/strong>, un espacio de encuentro y reflexi\u00f3n que tuvo como eje central compartir <strong>experiencias y aprendizajes surgidos de los comedores comunitarios y otras formas de atenci\u00f3n directa a las necesidades alimentarias<\/strong> de nuestras comunidades.Este ciclo se realiza en el marco del proyecto <strong>Sociedad Civil en Red <\/strong>cofinanciado por la <strong>Uni\u00f3n Europea<\/strong>.&nbsp;<\/p>\n\n\n\n<p>Este ciclo nos permiti\u00f3 escuchar en primera persona las voces de quienes, desde hace a\u00f1os, sostienen estas iniciativas con un compromiso admirable. En su mayor\u00eda, mujeres que, d\u00eda a d\u00eda, construyen redes de cuidado, organizaci\u00f3n y resistencia desde lo m\u00e1s profundo del territorio.<\/p>\n\n\n\n<p>En estos intercambios qued\u00f3 en evidencia una dimensi\u00f3n muchas veces invisibilizada de nuestro trabajo en red: <strong>el que se realiza desde la base de las bases<\/strong>. Porque los comedores no son \u00fanicamente lugares donde se brinda un plato de comida. Son espacios de encuentro, de organizaci\u00f3n, de educaci\u00f3n popular. Y es justamente por esa potencia transformadora que muchas veces son estigmatizados, desfinanciados o directamente amenazados con el cierre.<\/p>\n\n\n\n<p>Queremos agradecer a todas las personas que participaron de este primer ciclo, por su tiempo, su entrega y su palabra.<\/p>\n\n\n\n<p>Pronto estaremos iniciando el <strong>segundo ciclo de di\u00e1logos<\/strong>, donde compartiremos experiencias de organizaciones que est\u00e1n trabajando en la <strong>producci\u00f3n de alimentos<\/strong>. \u00a1Los y las esperamos para seguir construyendo juntos y juntas!<\/p>\n\n\n\n<p>Pronto compartiremos tambi\u00e9n un documento con los principales aprendizajes de este primer ciclo.<\/p>\n","protected":false},"excerpt":{"rendered":"<p>El pasado 27 de marzo dimos cierre al primer ciclo de di\u00e1logos virtuales del Proyecto de Cooperaci\u00f3n Alimentaria, un espacio de encuentro y reflexi\u00f3n que tuvo como eje central compartir experiencias y aprendizajes surgidos de los comedores comunitarios y otras formas de atenci\u00f3n directa a las necesidades alimentarias de nuestras comunidades.Este ciclo se realiza en el marco del proyecto Sociedad Civil en Red cofinanciado por la Uni\u00f3n Europea.&nbsp; Este ciclo nos permiti\u00f3 escuchar en primera persona las voces de quienes, desde hace a\u00f1os, sostienen estas iniciativas con un compromiso admirable. En su mayor\u00eda, mujeres que, d\u00eda a d\u00eda, construyen redes de cuidado, organizaci\u00f3n y resistencia desde lo m\u00e1s profundo del territorio. En estos intercambios qued\u00f3 en evidencia una dimensi\u00f3n muchas veces invisibilizada de nuestro trabajo en red: el que se realiza desde la base de las bases. Porque los comedores no son \u00fanicamente lugares donde se brinda un plato de comida. Son espacios de encuentro, de organizaci\u00f3n, de educaci\u00f3n popular. Y es justamente por esa potencia transformadora que muchas veces son estigmatizados, desfinanciados o directamente amenazados con el cierre. Queremos agradecer a todas las personas que participaron de este primer ciclo, por su tiempo, su entrega y su palabra. Pronto estaremos iniciando el segundo ciclo de di\u00e1logos, donde compartiremos experiencias de organizaciones que est\u00e1n trabajando en la producci\u00f3n de alimentos. \u00a1Los y las esperamos para seguir construyendo juntos y juntas! Pronto compartiremos tambi\u00e9n un documento con los principales aprendizajes de este primer ciclo.<\/p>\n","protected":false},"author":2,"featured_media":719,"comment_status":"open","ping_status":"open","sticky":false,"template":"","format":"standard","meta":{"footnotes":""},"categories":[7],"tags":[3,23,18],"class_list":["post-718","post","type-post","status-publish","format-standard","has-post-thumbnail","hentry","category-noticias","tag-organizaciones-sociales","tag-osc","tag-sociedad-civil-en-red"],"_links":{"self":[{"href":"https:\/\/sociedadcivilenred.org.ar\/index.php\/wp-json\/wp\/v2\/posts\/718","targetHints":{"allow":["GET"]}}],"collection":[{"href":"https:\/\/sociedadcivilenred.org.ar\/index.php\/wp-json\/wp\/v2\/posts"}],"about":[{"href":"https:\/\/sociedadcivilenred.org.ar\/index.php\/wp-json\/wp\/v2\/types\/post"}],"author":[{"embeddable":true,"href":"https:\/\/sociedadcivilenred.org.ar\/index.php\/wp-json\/wp\/v2\/users\/2"}],"replies":[{"embeddable":true,"href":"https:\/\/sociedadcivilenred.org.ar\/index.php\/wp-json\/wp\/v2\/comments?post=718"}],"version-history":[{"count":1,"href":"https:\/\/sociedadcivilenred.org.ar\/index.php\/wp-json\/wp\/v2\/posts\/718\/revisions"}],"predecessor-version":[{"id":720,"href":"https:\/\/sociedadcivilenred.org.ar\/index.php\/wp-json\/wp\/v2\/posts\/718\/revisions\/720"}],"wp:featuredmedia":[{"embeddable":true,"href":"https:\/\/sociedadcivilenred.org.ar\/index.php\/wp-json\/wp\/v2\/media\/719"}],"wp:attachment":[{"href":"https:\/\/sociedadcivilenred.org.ar\/index.php\/wp-json\/wp\/v2\/media?parent=718"}],"wp:term":[{"taxonomy":"category","embeddable":true,"href":"https:\/\/sociedadcivilenred.org.ar\/index.php\/wp-json\/wp\/v2\/categories?post=718"},{"taxonomy":"post_tag","embeddable":true,"href":"https:\/\/sociedadcivilenred.org.ar\/index.php\/wp-json\/wp\/v2\/tags?post=718"}],"curies":[{"name":"wp","href":"https:\/\/api.w.org\/{rel}","templated":true}]}}