{"id":741,"date":"2025-05-07T18:42:55","date_gmt":"2025-05-07T16:42:55","guid":{"rendered":"https:\/\/sociedadcivilenred.org.ar\/?p=741"},"modified":"2025-05-07T18:42:56","modified_gmt":"2025-05-07T16:42:56","slug":"nodo-cuyo-segundo-taller-de-horizonte-joven-en-maipu-avanzando-en-la-construccion-de-una-agenda-para-la-juventud","status":"publish","type":"post","link":"https:\/\/sociedadcivilenred.org.ar\/index.php\/2025\/05\/07\/nodo-cuyo-segundo-taller-de-horizonte-joven-en-maipu-avanzando-en-la-construccion-de-una-agenda-para-la-juventud\/","title":{"rendered":"Nodo Cuyo &#8211; Segundo Taller de Horizonte Joven en Maip\u00fa: Avanzando en la Construcci\u00f3n de una Agenda para la Juventud"},"content":{"rendered":"\n<p>El pasado s\u00e1bado 5 de abril, la ciudad de Maip\u00fa, Mendoza, fue sede del segundo taller de Horizonte Joven, una iniciativa impulsada por el <a href=\"https:\/\/labpublicoprivado.org.ar\/\" target=\"_blank\" rel=\"noreferrer noopener\">Laboratorio P\u00fablico-Privado<\/a> (conformado por GDFE y RIL) junto a Kair\u00f3s, en el marco del Nodo Cuyo de Sociedad Civil en Red. Este encuentro presencial, que tuvo lugar en el Museo del Vino entre las 10:00 y las 13:00 hs, dio continuidad al primer taller virtual realizado el 19 de marzo, cuyo objetivo principal fue definir \u00e1reas de inter\u00e9s para la construcci\u00f3n de una agenda de intervenci\u00f3n p\u00fablico-privada orientada a las juventudes del territorio.<\/p>\n\n\n\n<p>Tal como se anticip\u00f3 en el primer encuentro, esta segunda instancia se centr\u00f3 en profundizar sobre las tres verticales de acci\u00f3n prioritarias identificadas a partir de los aportes de los participantes y el relevamiento previo sobre los intereses de los j\u00f3venes de Maip\u00fa:<\/p>\n\n\n\n<p>&nbsp;* Espacios sociales y saludables: La necesidad de generar y fortalecer espacios seguros, accesibles y atractivos para actividades deportivas, culturales y comunitarias, promoviendo h\u00e1bitos saludables y brindando apoyo en problem\u00e1ticas de salud mental y consumo problem\u00e1tico.<\/p>\n\n\n\n<p>&nbsp;* Formaci\u00f3n para oportunidades: La importancia de garantizar que los j\u00f3venes del municipio accedan a formaciones en oficios sustentables y oportunidades laborales alineadas con sus intereses y las necesidades del mercado, facilitando su inserci\u00f3n profesional y autonom\u00eda econ\u00f3mica.<\/p>\n\n\n\n<p>&nbsp;* Espacios de participaci\u00f3n juvenil: El desaf\u00edo de impulsar la participaci\u00f3n juvenil en la toma de decisiones, visibilizando y fortaleciendo espacios y organizaciones que representen sus intereses y promoviendo una participaci\u00f3n equitativa y diversa en la sociedad.<\/p>\n\n\n\n<p>Durante el taller en Maip\u00fa, los participantes trabajaron activamente en la delimitaci\u00f3n de estrategias concretas para abordar cada una de estas verticales. Se gener\u00f3 un espacio de di\u00e1logo y colaboraci\u00f3n donde se comenzaron a esbozar ideas y propuestas para la futura agenda de intervenci\u00f3n p\u00fablico-privada.<\/p>\n\n\n\n<p>Este segundo encuentro presencial marca un avance significativo en el proceso de construcci\u00f3n de una agenda que responda a las necesidades y aspiraciones de los j\u00f3venes de Maip\u00fa. La articulaci\u00f3n entre el sector p\u00fablico, el sector privado y la sociedad civil, a trav\u00e9s de iniciativas como Horizonte Joven, se presenta como una herramienta fundamental para generar un impacto positivo en el desarrollo de las juventudes del Nodo Cuyo.<\/p>\n\n\n\n<p>Los pr\u00f3ximos pasos de Horizonte Joven incluir\u00e1n la sistematizaci\u00f3n de las ideas surgidas en este segundo taller y la continuaci\u00f3n del trabajo colaborativo para definir las acciones concretas que conformar\u00e1n la agenda de intervenci\u00f3n p\u00fablico-privada.<\/p>\n\n\n\n<figure class=\"wp-block-gallery has-nested-images columns-default is-cropped wp-block-gallery-1 is-layout-flex wp-block-gallery-is-layout-flex\">\n<figure class=\"wp-block-image size-large\"><img fetchpriority=\"high\" decoding=\"async\" width=\"1024\" height=\"765\" data-id=\"743\" src=\"https:\/\/sociedadcivilenred.org.ar\/wp-content\/uploads\/2025\/05\/Captura-de-pantalla-2025-05-07-a-las-13.40.30-1024x765.png\" alt=\"\" class=\"wp-image-743\" srcset=\"https:\/\/sociedadcivilenred.org.ar\/wp-content\/uploads\/2025\/05\/Captura-de-pantalla-2025-05-07-a-las-13.40.30-1024x765.png 1024w, https:\/\/sociedadcivilenred.org.ar\/wp-content\/uploads\/2025\/05\/Captura-de-pantalla-2025-05-07-a-las-13.40.30-300x224.png 300w, https:\/\/sociedadcivilenred.org.ar\/wp-content\/uploads\/2025\/05\/Captura-de-pantalla-2025-05-07-a-las-13.40.30-768x573.png 768w, https:\/\/sociedadcivilenred.org.ar\/wp-content\/uploads\/2025\/05\/Captura-de-pantalla-2025-05-07-a-las-13.40.30.png 1176w\" sizes=\"(max-width: 1024px) 100vw, 1024px\" \/><\/figure>\n\n\n\n<figure class=\"wp-block-image size-large\"><img decoding=\"async\" width=\"1014\" height=\"1024\" data-id=\"744\" src=\"https:\/\/sociedadcivilenred.org.ar\/wp-content\/uploads\/2025\/05\/Captura-de-pantalla-2025-05-07-a-las-13.40.43-1014x1024.png\" alt=\"\" class=\"wp-image-744\" srcset=\"https:\/\/sociedadcivilenred.org.ar\/wp-content\/uploads\/2025\/05\/Captura-de-pantalla-2025-05-07-a-las-13.40.43-1014x1024.png 1014w, https:\/\/sociedadcivilenred.org.ar\/wp-content\/uploads\/2025\/05\/Captura-de-pantalla-2025-05-07-a-las-13.40.43-297x300.png 297w, https:\/\/sociedadcivilenred.org.ar\/wp-content\/uploads\/2025\/05\/Captura-de-pantalla-2025-05-07-a-las-13.40.43-150x150.png 150w, https:\/\/sociedadcivilenred.org.ar\/wp-content\/uploads\/2025\/05\/Captura-de-pantalla-2025-05-07-a-las-13.40.43-768x776.png 768w, https:\/\/sociedadcivilenred.org.ar\/wp-content\/uploads\/2025\/05\/Captura-de-pantalla-2025-05-07-a-las-13.40.43.png 1164w\" sizes=\"(max-width: 1014px) 100vw, 1014px\" \/><\/figure>\n<\/figure>\n","protected":false},"excerpt":{"rendered":"<p>El pasado s\u00e1bado 5 de abril, la ciudad de Maip\u00fa, Mendoza, fue sede del segundo taller de Horizonte Joven, una iniciativa impulsada por el Laboratorio P\u00fablico-Privado (conformado por GDFE y RIL) junto a Kair\u00f3s, en el marco del Nodo Cuyo de Sociedad Civil en Red. Este encuentro presencial, que tuvo lugar en el Museo del Vino entre las 10:00 y las 13:00 hs, dio continuidad al primer taller virtual realizado el 19 de marzo, cuyo objetivo principal fue definir \u00e1reas de inter\u00e9s para la construcci\u00f3n de una agenda de intervenci\u00f3n p\u00fablico-privada orientada a las juventudes del territorio. Tal como se anticip\u00f3 en el primer encuentro, esta segunda instancia se centr\u00f3 en profundizar sobre las tres verticales de acci\u00f3n prioritarias identificadas a partir de los aportes de los participantes y el relevamiento previo sobre los intereses de los j\u00f3venes de Maip\u00fa: &nbsp;* Espacios sociales y saludables: La necesidad de generar y fortalecer espacios seguros, accesibles y atractivos para actividades deportivas, culturales y comunitarias, promoviendo h\u00e1bitos saludables y brindando apoyo en problem\u00e1ticas de salud mental y consumo problem\u00e1tico. &nbsp;* Formaci\u00f3n para oportunidades: La importancia de garantizar que los j\u00f3venes del municipio accedan a formaciones en oficios sustentables y oportunidades laborales alineadas con sus intereses y las necesidades del mercado, facilitando su inserci\u00f3n profesional y autonom\u00eda econ\u00f3mica. &nbsp;* Espacios de participaci\u00f3n juvenil: El desaf\u00edo de impulsar la participaci\u00f3n juvenil en la toma de decisiones, visibilizando y fortaleciendo espacios y organizaciones que representen sus intereses y promoviendo una participaci\u00f3n equitativa y diversa en la sociedad. Durante el taller en Maip\u00fa, los participantes trabajaron activamente en la delimitaci\u00f3n de estrategias concretas para abordar cada una de estas verticales. Se gener\u00f3 un espacio de di\u00e1logo y colaboraci\u00f3n donde se comenzaron a esbozar ideas y propuestas para la futura agenda de intervenci\u00f3n p\u00fablico-privada. Este segundo encuentro presencial marca un avance significativo en el proceso de construcci\u00f3n de una agenda que responda a las necesidades y aspiraciones de los j\u00f3venes de Maip\u00fa. La articulaci\u00f3n entre el sector p\u00fablico, el sector privado y la sociedad civil, a trav\u00e9s de iniciativas como Horizonte Joven, se presenta como una herramienta fundamental para generar un impacto positivo en el desarrollo de las juventudes del Nodo Cuyo. Los pr\u00f3ximos pasos de Horizonte Joven incluir\u00e1n la sistematizaci\u00f3n de las ideas surgidas en este segundo taller y la continuaci\u00f3n del trabajo colaborativo para definir las acciones concretas que conformar\u00e1n la agenda de intervenci\u00f3n p\u00fablico-privada.<\/p>\n","protected":false},"author":2,"featured_media":742,"comment_status":"open","ping_status":"open","sticky":false,"template":"","format":"standard","meta":{"footnotes":""},"categories":[7],"tags":[31,29,18],"class_list":["post-741","post","type-post","status-publish","format-standard","has-post-thumbnail","hentry","category-noticias","tag-jovenes","tag-nodo-cuyo","tag-sociedad-civil-en-red"],"_links":{"self":[{"href":"https:\/\/sociedadcivilenred.org.ar\/index.php\/wp-json\/wp\/v2\/posts\/741","targetHints":{"allow":["GET"]}}],"collection":[{"href":"https:\/\/sociedadcivilenred.org.ar\/index.php\/wp-json\/wp\/v2\/posts"}],"about":[{"href":"https:\/\/sociedadcivilenred.org.ar\/index.php\/wp-json\/wp\/v2\/types\/post"}],"author":[{"embeddable":true,"href":"https:\/\/sociedadcivilenred.org.ar\/index.php\/wp-json\/wp\/v2\/users\/2"}],"replies":[{"embeddable":true,"href":"https:\/\/sociedadcivilenred.org.ar\/index.php\/wp-json\/wp\/v2\/comments?post=741"}],"version-history":[{"count":1,"href":"https:\/\/sociedadcivilenred.org.ar\/index.php\/wp-json\/wp\/v2\/posts\/741\/revisions"}],"predecessor-version":[{"id":745,"href":"https:\/\/sociedadcivilenred.org.ar\/index.php\/wp-json\/wp\/v2\/posts\/741\/revisions\/745"}],"wp:featuredmedia":[{"embeddable":true,"href":"https:\/\/sociedadcivilenred.org.ar\/index.php\/wp-json\/wp\/v2\/media\/742"}],"wp:attachment":[{"href":"https:\/\/sociedadcivilenred.org.ar\/index.php\/wp-json\/wp\/v2\/media?parent=741"}],"wp:term":[{"taxonomy":"category","embeddable":true,"href":"https:\/\/sociedadcivilenred.org.ar\/index.php\/wp-json\/wp\/v2\/categories?post=741"},{"taxonomy":"post_tag","embeddable":true,"href":"https:\/\/sociedadcivilenred.org.ar\/index.php\/wp-json\/wp\/v2\/tags?post=741"}],"curies":[{"name":"wp","href":"https:\/\/api.w.org\/{rel}","templated":true}]}}