{"id":753,"date":"2025-05-21T23:03:31","date_gmt":"2025-05-21T21:03:31","guid":{"rendered":"https:\/\/sociedadcivilenred.org.ar\/?p=753"},"modified":"2025-05-21T23:03:32","modified_gmt":"2025-05-21T21:03:32","slug":"cordoba-sera-sede-de-una-nueva-edicion-del-conversatorio-por-un-pais-sin-hambre","status":"publish","type":"post","link":"https:\/\/sociedadcivilenred.org.ar\/index.php\/2025\/05\/21\/cordoba-sera-sede-de-una-nueva-edicion-del-conversatorio-por-un-pais-sin-hambre\/","title":{"rendered":"C\u00f3rdoba ser\u00e1 sede de una nueva edici\u00f3n del Conversatorio \u201cPor Un Pa\u00eds Sin Hambre\u201d"},"content":{"rendered":"\n<p>El pr\u00f3ximo 11 de junio , organizaciones sociales, empresas, universidades, referentes institucionales y actores comunitarios se dar\u00e1n cita en el Concejo Deliberante de la Ciudad de C\u00f3rdoba para participar del segundo conversatorio <strong><em>\u201cPor un Pa\u00eds sin Hambre: Estrategias para lograr la seguridad alimentaria en C\u00f3rdoba\u201d <\/em><\/strong>realizado por Banco de Alimentos C\u00f3rdoba.&nbsp;<\/p>\n\n\n\n<p>La iniciativa forma parte de una serie de cuatro encuentros impulsados por Banco de Alimentos ARGENTINA y&nbsp; Sociedad Civil en Red, en el marco de un proyecto cofinanciado por la Uni\u00f3n Europea, para abordar la tem\u00e1tica durante el 2025.&nbsp;<\/p>\n\n\n\n<p>El evento se desarrollar\u00e1 de 9 a 13 horas y busca abrir un espacio de intercambio entre quienes protagonizan \u2014desde distintos sectores\u2014 la lucha contra el hambre y la malnutrici\u00f3n en la Argentina, con foco en el territorio cordob\u00e9s.<\/p>\n\n\n\n<p>A trav\u00e9s de esta propuesta, se busca seguir generando consensos, visibilizar buenas pr\u00e1cticas y fomentar nuevas estrategias para avanzar hacia la seguridad alimentaria como un derecho garantizado para todas las personas.<\/p>\n\n\n\n<p>El evento contar\u00e1 con la participaci\u00f3n de actores clave del \u00e1mbito social, empresarial, cient\u00edfico y p\u00fablico. Durante la jornada se desarrollar\u00e1n cuatro paneles tem\u00e1ticos que ofrecer\u00e1n una mirada integral sobre la problem\u00e1tica alimentaria:<\/p>\n\n\n\n<ul class=\"wp-block-list\">\n<li>Panel 1 \u2013 \u201cAlimentando el di\u00e1logo\u201d: testimonio de referentes comunitarios como Silvana C\u00f3rdoba (Los Petaquitas) y Victoria Aguirre (Copa de Leche B\u00b0 El Chorrito), que dar\u00e1n voz a experiencias territoriales concretas en comedores y merenderos.<br><\/li>\n\n\n\n<li>Panel 2 \u2013 \u201cSeguridad Alimentaria: cooperaci\u00f3n para un futuro m\u00e1s seguro\u201d: la palabra de empresas como Grupo Arcor y Coca-Cola Andina, que presentar\u00e1n iniciativas de articulaci\u00f3n con organizaciones sociales y pol\u00edticas de calidad alimentaria.<br><\/li>\n\n\n\n<li>Panel 3 \u2013 \u201cEstrategias en movimiento\u201d: la mirada del sector p\u00fablico desde el Municipio de C\u00f3rdoba, con la participaci\u00f3n de Ariel Aleksandroff (Secretar\u00eda de Salud) y Anabella Mariani (Direcci\u00f3n General de Control de la Industria Alimentaria).<br><\/li>\n\n\n\n<li>Panel 4 \u2013 \u201cInnovaci\u00f3n y desarrollo: ideas en acci\u00f3n\u201d: expertos de universidades y centros de investigaci\u00f3n como la Universidad Siglo 21, la Universidad de Villa Mar\u00eda y CONICET, compartir\u00e1n desarrollos cient\u00edficos y tecnol\u00f3gicos orientados a fortalecer el sistema alimentario.<br><\/li>\n<\/ul>\n\n\n\n<p>La jornada comenzar\u00e1 a las 8:30 con acreditaciones y caf\u00e9 de bienvenida, y se extender\u00e1 hasta las 13 h. Se espera la participaci\u00f3n de representantes del tercer sector, responsables de comedores populares, funcionarios p\u00fablicos, investigadores y estudiantes, todos con un objetivo com\u00fan: avanzar hacia una C\u00f3rdoba sin hambre. Para m\u00e1s informaci\u00f3n e inscripciones, ingres\u00e1 <a href=\"https:\/\/www.eventbrite.com.ar\/e\/conversatorio-seguridad-alimentaria-en-cordoba-tickets-1355353983249?aff=oddtdtcreator\" data-type=\"link\" data-id=\"https:\/\/www.eventbrite.com.ar\/e\/conversatorio-seguridad-alimentaria-en-cordoba-tickets-1355353983249?aff=oddtdtcreator\" target=\"_blank\" rel=\"noreferrer noopener\">aqu\u00ed<\/a><\/p>\n","protected":false},"excerpt":{"rendered":"<p>El pr\u00f3ximo 11 de junio , organizaciones sociales, empresas, universidades, referentes institucionales y actores comunitarios se dar\u00e1n cita en el Concejo Deliberante de la Ciudad de C\u00f3rdoba para participar del segundo conversatorio \u201cPor un Pa\u00eds sin Hambre: Estrategias para lograr la seguridad alimentaria en C\u00f3rdoba\u201d realizado por Banco de Alimentos C\u00f3rdoba.&nbsp; La iniciativa forma parte de una serie de cuatro encuentros impulsados por Banco de Alimentos ARGENTINA y&nbsp; Sociedad Civil en Red, en el marco de un proyecto cofinanciado por la Uni\u00f3n Europea, para abordar la tem\u00e1tica durante el 2025.&nbsp; El evento se desarrollar\u00e1 de 9 a 13 horas y busca abrir un espacio de intercambio entre quienes protagonizan \u2014desde distintos sectores\u2014 la lucha contra el hambre y la malnutrici\u00f3n en la Argentina, con foco en el territorio cordob\u00e9s. A trav\u00e9s de esta propuesta, se busca seguir generando consensos, visibilizar buenas pr\u00e1cticas y fomentar nuevas estrategias para avanzar hacia la seguridad alimentaria como un derecho garantizado para todas las personas. El evento contar\u00e1 con la participaci\u00f3n de actores clave del \u00e1mbito social, empresarial, cient\u00edfico y p\u00fablico. Durante la jornada se desarrollar\u00e1n cuatro paneles tem\u00e1ticos que ofrecer\u00e1n una mirada integral sobre la problem\u00e1tica alimentaria: La jornada comenzar\u00e1 a las 8:30 con acreditaciones y caf\u00e9 de bienvenida, y se extender\u00e1 hasta las 13 h. Se espera la participaci\u00f3n de representantes del tercer sector, responsables de comedores populares, funcionarios p\u00fablicos, investigadores y estudiantes, todos con un objetivo com\u00fan: avanzar hacia una C\u00f3rdoba sin hambre. Para m\u00e1s informaci\u00f3n e inscripciones, ingres\u00e1 aqu\u00ed<\/p>\n","protected":false},"author":2,"featured_media":754,"comment_status":"open","ping_status":"open","sticky":false,"template":"","format":"standard","meta":{"footnotes":""},"categories":[6,7],"tags":[23,18],"class_list":["post-753","post","type-post","status-publish","format-standard","has-post-thumbnail","hentry","category-eventos","category-noticias","tag-osc","tag-sociedad-civil-en-red"],"_links":{"self":[{"href":"https:\/\/sociedadcivilenred.org.ar\/index.php\/wp-json\/wp\/v2\/posts\/753","targetHints":{"allow":["GET"]}}],"collection":[{"href":"https:\/\/sociedadcivilenred.org.ar\/index.php\/wp-json\/wp\/v2\/posts"}],"about":[{"href":"https:\/\/sociedadcivilenred.org.ar\/index.php\/wp-json\/wp\/v2\/types\/post"}],"author":[{"embeddable":true,"href":"https:\/\/sociedadcivilenred.org.ar\/index.php\/wp-json\/wp\/v2\/users\/2"}],"replies":[{"embeddable":true,"href":"https:\/\/sociedadcivilenred.org.ar\/index.php\/wp-json\/wp\/v2\/comments?post=753"}],"version-history":[{"count":1,"href":"https:\/\/sociedadcivilenred.org.ar\/index.php\/wp-json\/wp\/v2\/posts\/753\/revisions"}],"predecessor-version":[{"id":755,"href":"https:\/\/sociedadcivilenred.org.ar\/index.php\/wp-json\/wp\/v2\/posts\/753\/revisions\/755"}],"wp:featuredmedia":[{"embeddable":true,"href":"https:\/\/sociedadcivilenred.org.ar\/index.php\/wp-json\/wp\/v2\/media\/754"}],"wp:attachment":[{"href":"https:\/\/sociedadcivilenred.org.ar\/index.php\/wp-json\/wp\/v2\/media?parent=753"}],"wp:term":[{"taxonomy":"category","embeddable":true,"href":"https:\/\/sociedadcivilenred.org.ar\/index.php\/wp-json\/wp\/v2\/categories?post=753"},{"taxonomy":"post_tag","embeddable":true,"href":"https:\/\/sociedadcivilenred.org.ar\/index.php\/wp-json\/wp\/v2\/tags?post=753"}],"curies":[{"name":"wp","href":"https:\/\/api.w.org\/{rel}","templated":true}]}}