{"id":756,"date":"2025-05-21T23:06:19","date_gmt":"2025-05-21T21:06:19","guid":{"rendered":"https:\/\/sociedadcivilenred.org.ar\/?p=756"},"modified":"2025-05-21T23:06:20","modified_gmt":"2025-05-21T21:06:20","slug":"taller-en-cordoba-fortaleciendo-la-gestion-y-la-transparencia-de-las-osc","status":"publish","type":"post","link":"https:\/\/sociedadcivilenred.org.ar\/index.php\/2025\/05\/21\/taller-en-cordoba-fortaleciendo-la-gestion-y-la-transparencia-de-las-osc\/","title":{"rendered":"Taller en C\u00f3rdoba: Fortaleciendo la gesti\u00f3n y la transparencia de las OSC"},"content":{"rendered":"\n<p>El pr\u00f3ximo<strong> jueves 12 de junio a las 15:30<\/strong> h, la Legislatura Hist\u00f3rica de la Provincia de C\u00f3rdoba ser\u00e1 sede de una nueva edici\u00f3n del Taller de Gesti\u00f3n Institucional y Transparencia 2025, bajo el t\u00edtulo &#8220;Administraci\u00f3n de Fondos de las OSC&#8221;.\u00a0<\/p>\n\n\n\n<p>La actividad es organizada por Fundaci\u00f3n Recursos Humanos en Red, con el acompa\u00f1amiento de FEDEFA, Sociedad Civil en Red, la Fundaci\u00f3n Universidad Nacional de Villa Mar\u00eda, el Gobierno de la provincia de C\u00f3rdoba y FUNICED.<\/p>\n\n\n\n<p>Esta jornada de formaci\u00f3n tiene como objetivo brindar herramientas clave para que las organizaciones de la sociedad civil (OSC) fortalezcan su estructura administrativa, mejoren su sostenibilidad financiera y afiancen su compromiso con la transparencia.<\/p>\n\n\n\n<p>El encuentro estar\u00e1 a cargo de <strong>Diego Guilisasti<\/strong>, <strong><em>Coordinador Ejecutivo de Sociedad Civil en Red<\/em><\/strong>, quien abordar\u00e1 tres ejes fundamentales de la gesti\u00f3n financiera en las OSC:<\/p>\n\n\n\n<p>-Dise\u00f1o presupuestario basado en la cadena de resultados.<\/p>\n\n\n\n<p>-Flujo de fondos institucional.<\/p>\n\n\n\n<p>-Indicadores de gesti\u00f3n vinculados a la ejecuci\u00f3n presupuestaria.<\/p>\n\n\n\n<p>La actividad es libre, gratuita y con inscripci\u00f3n previa, y est\u00e1 especialmente dirigida a miembros de fundaciones, asociaciones civiles y equipos de gesti\u00f3n que buscan profesionalizar sus procesos internos.<\/p>\n\n\n\n<p>Durante la jornada, tambi\u00e9n se llevar\u00e1 a cabo el Taller Informativo sobre la Certificaci\u00f3n de Institucionalidad y Transparencia FEDEFA 2025, una herramienta estrat\u00e9gica pensada para reconocer y visibilizar las buenas pr\u00e1cticas institucionales en el sector social.<\/p>\n\n\n\n<p>Esta actividad se realiza en el marco del proyecto Sociedad Civil en Red, con cofinanciamiento de la Uni\u00f3n Europea.<\/p>\n\n\n\n<p>\u00a1Te esperamos en la ciudad de C\u00f3rdoba para seguir construyendo una sociedad civil m\u00e1s profesional, s\u00f3lida y confiable!<\/p>\n\n\n\n<p>Formulario de inscripci\u00f3n <a href=\"https:\/\/docs.google.com\/forms\/d\/e\/1FAIpQLScuLc47qev_JWHqcYp2yEvXZP51bNokq5tzZ4rCjkbSMMj5yA\/viewform\" target=\"_blank\" rel=\"noreferrer noopener\">aqu\u00ed<\/a><\/p>\n","protected":false},"excerpt":{"rendered":"<p>El pr\u00f3ximo jueves 12 de junio a las 15:30 h, la Legislatura Hist\u00f3rica de la Provincia de C\u00f3rdoba ser\u00e1 sede de una nueva edici\u00f3n del Taller de Gesti\u00f3n Institucional y Transparencia 2025, bajo el t\u00edtulo &#8220;Administraci\u00f3n de Fondos de las OSC&#8221;.\u00a0 La actividad es organizada por Fundaci\u00f3n Recursos Humanos en Red, con el acompa\u00f1amiento de FEDEFA, Sociedad Civil en Red, la Fundaci\u00f3n Universidad Nacional de Villa Mar\u00eda, el Gobierno de la provincia de C\u00f3rdoba y FUNICED. Esta jornada de formaci\u00f3n tiene como objetivo brindar herramientas clave para que las organizaciones de la sociedad civil (OSC) fortalezcan su estructura administrativa, mejoren su sostenibilidad financiera y afiancen su compromiso con la transparencia. El encuentro estar\u00e1 a cargo de Diego Guilisasti, Coordinador Ejecutivo de Sociedad Civil en Red, quien abordar\u00e1 tres ejes fundamentales de la gesti\u00f3n financiera en las OSC: -Dise\u00f1o presupuestario basado en la cadena de resultados. -Flujo de fondos institucional. -Indicadores de gesti\u00f3n vinculados a la ejecuci\u00f3n presupuestaria. La actividad es libre, gratuita y con inscripci\u00f3n previa, y est\u00e1 especialmente dirigida a miembros de fundaciones, asociaciones civiles y equipos de gesti\u00f3n que buscan profesionalizar sus procesos internos. Durante la jornada, tambi\u00e9n se llevar\u00e1 a cabo el Taller Informativo sobre la Certificaci\u00f3n de Institucionalidad y Transparencia FEDEFA 2025, una herramienta estrat\u00e9gica pensada para reconocer y visibilizar las buenas pr\u00e1cticas institucionales en el sector social. Esta actividad se realiza en el marco del proyecto Sociedad Civil en Red, con cofinanciamiento de la Uni\u00f3n Europea. \u00a1Te esperamos en la ciudad de C\u00f3rdoba para seguir construyendo una sociedad civil m\u00e1s profesional, s\u00f3lida y confiable! Formulario de inscripci\u00f3n aqu\u00ed<\/p>\n","protected":false},"author":2,"featured_media":757,"comment_status":"open","ping_status":"open","sticky":false,"template":"","format":"standard","meta":{"footnotes":""},"categories":[6,7],"tags":[23,18],"class_list":["post-756","post","type-post","status-publish","format-standard","has-post-thumbnail","hentry","category-eventos","category-noticias","tag-osc","tag-sociedad-civil-en-red"],"_links":{"self":[{"href":"https:\/\/sociedadcivilenred.org.ar\/index.php\/wp-json\/wp\/v2\/posts\/756","targetHints":{"allow":["GET"]}}],"collection":[{"href":"https:\/\/sociedadcivilenred.org.ar\/index.php\/wp-json\/wp\/v2\/posts"}],"about":[{"href":"https:\/\/sociedadcivilenred.org.ar\/index.php\/wp-json\/wp\/v2\/types\/post"}],"author":[{"embeddable":true,"href":"https:\/\/sociedadcivilenred.org.ar\/index.php\/wp-json\/wp\/v2\/users\/2"}],"replies":[{"embeddable":true,"href":"https:\/\/sociedadcivilenred.org.ar\/index.php\/wp-json\/wp\/v2\/comments?post=756"}],"version-history":[{"count":1,"href":"https:\/\/sociedadcivilenred.org.ar\/index.php\/wp-json\/wp\/v2\/posts\/756\/revisions"}],"predecessor-version":[{"id":758,"href":"https:\/\/sociedadcivilenred.org.ar\/index.php\/wp-json\/wp\/v2\/posts\/756\/revisions\/758"}],"wp:featuredmedia":[{"embeddable":true,"href":"https:\/\/sociedadcivilenred.org.ar\/index.php\/wp-json\/wp\/v2\/media\/757"}],"wp:attachment":[{"href":"https:\/\/sociedadcivilenred.org.ar\/index.php\/wp-json\/wp\/v2\/media?parent=756"}],"wp:term":[{"taxonomy":"category","embeddable":true,"href":"https:\/\/sociedadcivilenred.org.ar\/index.php\/wp-json\/wp\/v2\/categories?post=756"},{"taxonomy":"post_tag","embeddable":true,"href":"https:\/\/sociedadcivilenred.org.ar\/index.php\/wp-json\/wp\/v2\/tags?post=756"}],"curies":[{"name":"wp","href":"https:\/\/api.w.org\/{rel}","templated":true}]}}