{"id":759,"date":"2025-05-21T23:09:52","date_gmt":"2025-05-21T21:09:52","guid":{"rendered":"https:\/\/sociedadcivilenred.org.ar\/?p=759"},"modified":"2025-05-26T17:24:23","modified_gmt":"2025-05-26T15:24:23","slug":"nodo-cuyo-tercer-taller-de-horizonte-joven-hacia-una-agenda-de-acciones-concretas","status":"publish","type":"post","link":"https:\/\/sociedadcivilenred.org.ar\/index.php\/2025\/05\/21\/nodo-cuyo-tercer-taller-de-horizonte-joven-hacia-una-agenda-de-acciones-concretas\/","title":{"rendered":"Nodo Cuyo \u2013 Tercer Taller de Horizonte Joven: Hacia una agenda de acciones concretas"},"content":{"rendered":"\n<p>El pasado mi\u00e9rcoles 14 de mayo se llev\u00f3 a cabo el tercer taller de Horizonte Joven, la iniciativa impulsada por el Laboratorio P\u00fablico-Privado (GDFE + RIL) y Kair\u00f3s, en articulaci\u00f3n con la Municipalidad de Maip\u00fa como aliada clave, en el marco del Nodo Cuyo de Sociedad Civil en Red. Este encuentro, nuevamente en modalidad virtual, marc\u00f3 un paso importante en el proceso de construcci\u00f3n de una agenda de intervenci\u00f3n p\u00fablico-privada orientada a las juventudes del territorio.<\/p>\n\n\n\n<figure class=\"wp-block-gallery has-nested-images columns-default is-cropped wp-block-gallery-1 is-layout-flex wp-block-gallery-is-layout-flex\">\n<figure class=\"wp-block-image size-large\"><img fetchpriority=\"high\" decoding=\"async\" width=\"1024\" height=\"736\" data-id=\"761\" src=\"https:\/\/sociedadcivilenred.org.ar\/wp-content\/uploads\/2025\/05\/11-1024x736.jpg\" alt=\"\" class=\"wp-image-761\" srcset=\"https:\/\/sociedadcivilenred.org.ar\/wp-content\/uploads\/2025\/05\/11-1024x736.jpg 1024w, https:\/\/sociedadcivilenred.org.ar\/wp-content\/uploads\/2025\/05\/11-300x216.jpg 300w, https:\/\/sociedadcivilenred.org.ar\/wp-content\/uploads\/2025\/05\/11-768x552.jpg 768w, https:\/\/sociedadcivilenred.org.ar\/wp-content\/uploads\/2025\/05\/11.jpg 1280w\" sizes=\"(max-width: 1024px) 100vw, 1024px\" \/><\/figure>\n<\/figure>\n\n\n\n<p>Durante la jornada se retomaron los desaf\u00edos priorizados en los encuentros anteriores y se trabaj\u00f3 de forma colaborativa en la identificaci\u00f3n de propuestas concretas de acci\u00f3n, analizando su viabilidad y los recursos necesarios para llevarlas adelante. Fue un espacio de escucha y reflexi\u00f3n que permiti\u00f3 avanzar en el dise\u00f1o de intervenciones con impacto territorial, vinculadas a tres ejes clave:<\/p>\n\n\n\n<p>\u2022\u2060&nbsp; \u2060Espacios sociales y saludables,<\/p>\n\n\n\n<p>\u2022\u2060&nbsp; \u2060Formaci\u00f3n para oportunidades,<\/p>\n\n\n\n<p>\u2022\u2060&nbsp; \u2060Participaci\u00f3n juvenil.<\/p>\n\n\n\n<p>El proceso continuar\u00e1 con un <strong>cuarto taller<\/strong> el pr\u00f3ximo <strong>28 de mayo<\/strong>, en el que se buscar\u00e1 definir compromisos y condiciones para la implementaci\u00f3n de las acciones delineadas, consolidando as\u00ed una agenda que articule a actores p\u00fablicos, privados y sociales en torno al desarrollo de las juventudes de Maip\u00fa.<br><\/p>\n\n\n\n<p>Interesados en participar del cuarto taller pueden inscribirse en:<a href=\"https:\/\/forms.gle\/LWei63XGvX2JhmBv8\" target=\"_blank\" rel=\"noreferrer noopener\">https:\/\/forms.gle\/LWei63XGvX2JhmBv8<\/a><\/p>\n","protected":false},"excerpt":{"rendered":"<p>El pasado mi\u00e9rcoles 14 de mayo se llev\u00f3 a cabo el tercer taller de Horizonte Joven, la iniciativa impulsada por el Laboratorio P\u00fablico-Privado (GDFE + RIL) y Kair\u00f3s, en articulaci\u00f3n con la Municipalidad de Maip\u00fa como aliada clave, en el marco del Nodo Cuyo de Sociedad Civil en Red. Este encuentro, nuevamente en modalidad virtual, marc\u00f3 un paso importante en el proceso de construcci\u00f3n de una agenda de intervenci\u00f3n p\u00fablico-privada orientada a las juventudes del territorio. Durante la jornada se retomaron los desaf\u00edos priorizados en los encuentros anteriores y se trabaj\u00f3 de forma colaborativa en la identificaci\u00f3n de propuestas concretas de acci\u00f3n, analizando su viabilidad y los recursos necesarios para llevarlas adelante. Fue un espacio de escucha y reflexi\u00f3n que permiti\u00f3 avanzar en el dise\u00f1o de intervenciones con impacto territorial, vinculadas a tres ejes clave: \u2022\u2060&nbsp; \u2060Espacios sociales y saludables, \u2022\u2060&nbsp; \u2060Formaci\u00f3n para oportunidades, \u2022\u2060&nbsp; \u2060Participaci\u00f3n juvenil. El proceso continuar\u00e1 con un cuarto taller el pr\u00f3ximo 28 de mayo, en el que se buscar\u00e1 definir compromisos y condiciones para la implementaci\u00f3n de las acciones delineadas, consolidando as\u00ed una agenda que articule a actores p\u00fablicos, privados y sociales en torno al desarrollo de las juventudes de Maip\u00fa. Interesados en participar del cuarto taller pueden inscribirse en:https:\/\/forms.gle\/LWei63XGvX2JhmBv8<\/p>\n","protected":false},"author":2,"featured_media":760,"comment_status":"open","ping_status":"open","sticky":false,"template":"","format":"standard","meta":{"footnotes":""},"categories":[7],"tags":[31,29],"class_list":["post-759","post","type-post","status-publish","format-standard","has-post-thumbnail","hentry","category-noticias","tag-jovenes","tag-nodo-cuyo"],"_links":{"self":[{"href":"https:\/\/sociedadcivilenred.org.ar\/index.php\/wp-json\/wp\/v2\/posts\/759","targetHints":{"allow":["GET"]}}],"collection":[{"href":"https:\/\/sociedadcivilenred.org.ar\/index.php\/wp-json\/wp\/v2\/posts"}],"about":[{"href":"https:\/\/sociedadcivilenred.org.ar\/index.php\/wp-json\/wp\/v2\/types\/post"}],"author":[{"embeddable":true,"href":"https:\/\/sociedadcivilenred.org.ar\/index.php\/wp-json\/wp\/v2\/users\/2"}],"replies":[{"embeddable":true,"href":"https:\/\/sociedadcivilenred.org.ar\/index.php\/wp-json\/wp\/v2\/comments?post=759"}],"version-history":[{"count":3,"href":"https:\/\/sociedadcivilenred.org.ar\/index.php\/wp-json\/wp\/v2\/posts\/759\/revisions"}],"predecessor-version":[{"id":774,"href":"https:\/\/sociedadcivilenred.org.ar\/index.php\/wp-json\/wp\/v2\/posts\/759\/revisions\/774"}],"wp:featuredmedia":[{"embeddable":true,"href":"https:\/\/sociedadcivilenred.org.ar\/index.php\/wp-json\/wp\/v2\/media\/760"}],"wp:attachment":[{"href":"https:\/\/sociedadcivilenred.org.ar\/index.php\/wp-json\/wp\/v2\/media?parent=759"}],"wp:term":[{"taxonomy":"category","embeddable":true,"href":"https:\/\/sociedadcivilenred.org.ar\/index.php\/wp-json\/wp\/v2\/categories?post=759"},{"taxonomy":"post_tag","embeddable":true,"href":"https:\/\/sociedadcivilenred.org.ar\/index.php\/wp-json\/wp\/v2\/tags?post=759"}],"curies":[{"name":"wp","href":"https:\/\/api.w.org\/{rel}","templated":true}]}}