{"id":799,"date":"2025-06-23T01:07:15","date_gmt":"2025-06-22T23:07:15","guid":{"rendered":"https:\/\/sociedadcivilenred.org.ar\/?p=799"},"modified":"2025-06-23T01:07:16","modified_gmt":"2025-06-22T23:07:16","slug":"nace-la-mesa-patagonica-de-organizaciones-de-la-sociedad-civil","status":"publish","type":"post","link":"https:\/\/sociedadcivilenred.org.ar\/index.php\/2025\/06\/23\/nace-la-mesa-patagonica-de-organizaciones-de-la-sociedad-civil\/","title":{"rendered":"Nace la Mesa Patag\u00f3nica de Organizaciones de la Sociedad Civil"},"content":{"rendered":"\n<p>El pasado martes 1 de abril, en la ciudad de Neuqu\u00e9n, 20 Organizaciones de la Sociedad Civil (OSC) de Neuqu\u00e9n, Rio Negro y Chubut firmaron el acta constitutiva que da inicio a la Mesa Patag\u00f3nica de Organizaciones de la Sociedad Civil con el objetivo de incidir en pol\u00edticas p\u00fablicas, articular con el sector privado y el trabajo en red entre las Osc.<\/p>\n\n\n\n<p class=\"has-text-align-left\">La conformaci\u00f3n de la\u00a0<em><strong>Mesa Patag\u00f3nica de Organizaciones de la Sociedad Civil<\/strong><\/em>\u00a0es el resultado de un largo proceso de articulaci\u00f3n y trabajo conjunto que inici\u00f3 en 2023. Se enmarca dentro del proyecto\u00a0<strong>&#8220;Sociedad Civil en Red&#8221;<\/strong>\u00a0con cofinanciamiento de la Uni\u00f3n Europea y cuenta con la coordinaci\u00f3n de\u00a0<strong>Fundaci\u00f3n Fundesur perteneciente a FEDEFA &#8211; Federaci\u00f3n de Fundaciones Argentinas- y \u00a0Fundaci\u00f3n Otras Voces<\/strong> <strong>de Red Encuentro. <\/strong><\/p>\n\n\n\n<p>Las organizaciones participantes fueron :<\/p>\n\n\n\n<p><strong>Fundesur \u2013Rio negro\/Neuqu\u00e9n<\/strong><br><strong>Fundaci\u00f3n Otras Voces &#8211; Neuqu\u00e9n<\/strong><br><strong>Fundaci\u00f3n Irene \u2013 Neuqu\u00e9n<\/strong><br><strong>Fundaci\u00f3n kano \u2013 Rio negro<\/strong><br><strong>Biblioteca secon \u2013 Neuqu\u00e9n<\/strong><br><strong>Fundaci\u00f3n Ikigai \u2013 Neuqu\u00e9n<\/strong><br><strong>Fundaci\u00f3n Mestizoam\u00e9rica &#8211; Neuqu\u00e9n<\/strong><br><strong>Fundaci\u00f3n Austral \u2013 Neuqu\u00e9n<\/strong><br><strong>Fundaci\u00f3n tiempo de ni\u00f1os \u2013 Neuqu\u00e9n<\/strong><br><strong>Cien por ciento diversidad \u2013 Neuqu\u00e9n<\/strong><br><strong>Fundaci\u00f3n Inalafquen \u2013 Rio negro<\/strong><br><strong>Asociaci\u00f3n Civil Pensar \u2013 Neuqu\u00e9n<\/strong><br><strong>Puentes de Luz \u2013 Neuqu\u00e9n<\/strong><br><strong>Proeco \u2013 Neuqu\u00e9n<\/strong><br><strong>Angeles de cristal \u2013 Chubut<\/strong><br><strong>Comunidad K\u00fcb\u00fcb\u00fc del Pueblo G\u00fcn\u00fcn a k\u00fcna \u2013 Chubut<\/strong><br><strong>Pintaluba \u2013 Chubut<\/strong><br><strong>Fundaci\u00f3n Familia \u2013 Neuqu\u00e9n<\/strong><br><strong>Comunidad Paincil Antriao \u2013 Neuqu\u00e9n<\/strong><br><strong>Puel Mapu &#8211; Neuqu\u00e9n<\/strong><\/p>\n","protected":false},"excerpt":{"rendered":"<p>El pasado martes 1 de abril, en la ciudad de Neuqu\u00e9n, 20 Organizaciones de la Sociedad Civil (OSC) de Neuqu\u00e9n, Rio Negro y Chubut firmaron el acta constitutiva que da inicio a la Mesa Patag\u00f3nica de Organizaciones de la Sociedad Civil con el objetivo de incidir en pol\u00edticas p\u00fablicas, articular con el sector privado y el trabajo en red entre las Osc. La conformaci\u00f3n de la\u00a0Mesa Patag\u00f3nica de Organizaciones de la Sociedad Civil\u00a0es el resultado de un largo proceso de articulaci\u00f3n y trabajo conjunto que inici\u00f3 en 2023. Se enmarca dentro del proyecto\u00a0&#8220;Sociedad Civil en Red&#8221;\u00a0con cofinanciamiento de la Uni\u00f3n Europea y cuenta con la coordinaci\u00f3n de\u00a0Fundaci\u00f3n Fundesur perteneciente a FEDEFA &#8211; Federaci\u00f3n de Fundaciones Argentinas- y \u00a0Fundaci\u00f3n Otras Voces de Red Encuentro. Las organizaciones participantes fueron : Fundesur \u2013Rio negro\/Neuqu\u00e9nFundaci\u00f3n Otras Voces &#8211; Neuqu\u00e9nFundaci\u00f3n Irene \u2013 Neuqu\u00e9nFundaci\u00f3n kano \u2013 Rio negroBiblioteca secon \u2013 Neuqu\u00e9nFundaci\u00f3n Ikigai \u2013 Neuqu\u00e9nFundaci\u00f3n Mestizoam\u00e9rica &#8211; Neuqu\u00e9nFundaci\u00f3n Austral \u2013 Neuqu\u00e9nFundaci\u00f3n tiempo de ni\u00f1os \u2013 Neuqu\u00e9nCien por ciento diversidad \u2013 Neuqu\u00e9nFundaci\u00f3n Inalafquen \u2013 Rio negroAsociaci\u00f3n Civil Pensar \u2013 Neuqu\u00e9nPuentes de Luz \u2013 Neuqu\u00e9nProeco \u2013 Neuqu\u00e9nAngeles de cristal \u2013 ChubutComunidad K\u00fcb\u00fcb\u00fc del Pueblo G\u00fcn\u00fcn a k\u00fcna \u2013 ChubutPintaluba \u2013 ChubutFundaci\u00f3n Familia \u2013 Neuqu\u00e9nComunidad Paincil Antriao \u2013 Neuqu\u00e9nPuel Mapu &#8211; Neuqu\u00e9n<\/p>\n","protected":false},"author":2,"featured_media":800,"comment_status":"open","ping_status":"open","sticky":false,"template":"","format":"standard","meta":{"footnotes":""},"categories":[7],"tags":[],"class_list":["post-799","post","type-post","status-publish","format-standard","has-post-thumbnail","hentry","category-noticias"],"_links":{"self":[{"href":"https:\/\/sociedadcivilenred.org.ar\/index.php\/wp-json\/wp\/v2\/posts\/799","targetHints":{"allow":["GET"]}}],"collection":[{"href":"https:\/\/sociedadcivilenred.org.ar\/index.php\/wp-json\/wp\/v2\/posts"}],"about":[{"href":"https:\/\/sociedadcivilenred.org.ar\/index.php\/wp-json\/wp\/v2\/types\/post"}],"author":[{"embeddable":true,"href":"https:\/\/sociedadcivilenred.org.ar\/index.php\/wp-json\/wp\/v2\/users\/2"}],"replies":[{"embeddable":true,"href":"https:\/\/sociedadcivilenred.org.ar\/index.php\/wp-json\/wp\/v2\/comments?post=799"}],"version-history":[{"count":1,"href":"https:\/\/sociedadcivilenred.org.ar\/index.php\/wp-json\/wp\/v2\/posts\/799\/revisions"}],"predecessor-version":[{"id":801,"href":"https:\/\/sociedadcivilenred.org.ar\/index.php\/wp-json\/wp\/v2\/posts\/799\/revisions\/801"}],"wp:featuredmedia":[{"embeddable":true,"href":"https:\/\/sociedadcivilenred.org.ar\/index.php\/wp-json\/wp\/v2\/media\/800"}],"wp:attachment":[{"href":"https:\/\/sociedadcivilenred.org.ar\/index.php\/wp-json\/wp\/v2\/media?parent=799"}],"wp:term":[{"taxonomy":"category","embeddable":true,"href":"https:\/\/sociedadcivilenred.org.ar\/index.php\/wp-json\/wp\/v2\/categories?post=799"},{"taxonomy":"post_tag","embeddable":true,"href":"https:\/\/sociedadcivilenred.org.ar\/index.php\/wp-json\/wp\/v2\/tags?post=799"}],"curies":[{"name":"wp","href":"https:\/\/api.w.org\/{rel}","templated":true}]}}