{"id":802,"date":"2025-06-23T01:27:35","date_gmt":"2025-06-22T23:27:35","guid":{"rendered":"https:\/\/sociedadcivilenred.org.ar\/?p=802"},"modified":"2025-07-03T20:13:40","modified_gmt":"2025-07-03T18:13:40","slug":"2-conversatorio-por-un-pais-sin-hambre-esta-vez-en-cordoba","status":"publish","type":"post","link":"https:\/\/sociedadcivilenred.org.ar\/index.php\/2025\/06\/23\/2-conversatorio-por-un-pais-sin-hambre-esta-vez-en-cordoba\/","title":{"rendered":"C\u00f3rdoba fue sede del segundo conversatorio del ciclo \u201cPor un pa\u00eds sin hambre\u201d, una iniciativa impulsada por Bancos de Alimentos Argentina en el marco del programa Sociedad Civil en Red"},"content":{"rendered":"\n<p>El pasado mi\u00e9rcoles 11 de junio, el Honorable Concejo Deliberante de la Ciudad de C\u00f3rdoba abri\u00f3 sus puertas para recibir el segundo conversatorio del ciclo <strong>\u201cPor un pa\u00eds sin hambre. Estrategias para lograr la seguridad alimentaria en C\u00f3rdoba\u201d<\/strong>, una iniciativa impulsada por <strong>Bancos de Alimentos Argentina<\/strong> en el marco del programa <strong>Sociedad Civil en Red<\/strong>, cofinanciado por la <strong>Uni\u00f3n Europea<\/strong>.<\/p>\n\n\n\n<p>El evento cont\u00f3 con la participaci\u00f3n de destacados representantes del sector p\u00fablico, privado y de organizaciones de la sociedad civil comprometidas con la seguridad alimentaria, y tuvo como objetivo generar un espacio de di\u00e1logo multisectorial para impulsar pol\u00edticas p\u00fablicas efectivas y acciones colaborativas que garanticen el acceso a una alimentaci\u00f3n adecuada y sostenible en los sectores m\u00e1s vulnerables.<\/p>\n\n\n\n<p>La apertura estuvo a cargo del <strong>Dr. Javier Pretto<\/strong>, Viceintendente de la Ciudad de C\u00f3rdoba y presidente del Honorable Concejo Deliberante, quien dio la bienvenida a los asistentes y destac\u00f3 la importancia de generar espacios de intercambio que promuevan soluciones integrales frente a los desaf\u00edos del hambre y la malnutrici\u00f3n en la regi\u00f3n.<\/p>\n\n\n\n<p>Durante la jornada tambi\u00e9n disertaron:<\/p>\n\n\n\n<ul class=\"wp-block-list\">\n<li><strong>Diego Guilisasti<\/strong>, Coordinador Ejecutivo de Sociedad Civil en Red<\/li>\n\n\n\n<li><strong>Santiago Ramos<\/strong>, presidente de Bancos de Alimentos Argentina<\/li>\n\n\n\n<li><strong>Conrado Fiore<\/strong>, presidente del Banco de Alimentos C\u00f3rdoba<\/li>\n<\/ul>\n\n\n\n<p>Adem\u00e1s, participaron como oradores representantes de comedores y merenderos de la ciudad, el sector p\u00fablico y referentes del sector empresarial.<\/p>\n\n\n\n<p>Este conversatorio forma parte de un <strong>ciclo de cuatro encuentros<\/strong> organizados por Bancos de Alimentos Argentina y Sociedad Civil en Red durante el 2025, con el objetivo de instalar en la agenda p\u00fablica la necesidad de garantizar el <strong>derecho a la alimentaci\u00f3n<\/strong>, visibilizar la magnitud de la problem\u00e1tica y articular esfuerzos entre distintos sectores para construir sistemas alimentarios m\u00e1s <strong>justos, sostenibles y resilientes<\/strong>.<\/p>\n\n\n\n<p>El encuentro reuni\u00f3 a representantes de gobiernos locales, empresas del sector alimentario, organizaciones sociales y referentes comunitarios, consolidando un espacio plural de escucha, reflexi\u00f3n y construcci\u00f3n conjunta de soluciones.<\/p>\n\n\n\n<p><\/p>\n","protected":false},"excerpt":{"rendered":"<p>El pasado mi\u00e9rcoles 11 de junio, el Honorable Concejo Deliberante de la Ciudad de C\u00f3rdoba abri\u00f3 sus puertas para recibir el segundo conversatorio del ciclo \u201cPor un pa\u00eds sin hambre. Estrategias para lograr la seguridad alimentaria en C\u00f3rdoba\u201d, una iniciativa impulsada por Bancos de Alimentos Argentina en el marco del programa Sociedad Civil en Red, cofinanciado por la Uni\u00f3n Europea. El evento cont\u00f3 con la participaci\u00f3n de destacados representantes del sector p\u00fablico, privado y de organizaciones de la sociedad civil comprometidas con la seguridad alimentaria, y tuvo como objetivo generar un espacio de di\u00e1logo multisectorial para impulsar pol\u00edticas p\u00fablicas efectivas y acciones colaborativas que garanticen el acceso a una alimentaci\u00f3n adecuada y sostenible en los sectores m\u00e1s vulnerables. La apertura estuvo a cargo del Dr. Javier Pretto, Viceintendente de la Ciudad de C\u00f3rdoba y presidente del Honorable Concejo Deliberante, quien dio la bienvenida a los asistentes y destac\u00f3 la importancia de generar espacios de intercambio que promuevan soluciones integrales frente a los desaf\u00edos del hambre y la malnutrici\u00f3n en la regi\u00f3n. Durante la jornada tambi\u00e9n disertaron: Adem\u00e1s, participaron como oradores representantes de comedores y merenderos de la ciudad, el sector p\u00fablico y referentes del sector empresarial. Este conversatorio forma parte de un ciclo de cuatro encuentros organizados por Bancos de Alimentos Argentina y Sociedad Civil en Red durante el 2025, con el objetivo de instalar en la agenda p\u00fablica la necesidad de garantizar el derecho a la alimentaci\u00f3n, visibilizar la magnitud de la problem\u00e1tica y articular esfuerzos entre distintos sectores para construir sistemas alimentarios m\u00e1s justos, sostenibles y resilientes. El encuentro reuni\u00f3 a representantes de gobiernos locales, empresas del sector alimentario, organizaciones sociales y referentes comunitarios, consolidando un espacio plural de escucha, reflexi\u00f3n y construcci\u00f3n conjunta de soluciones.<\/p>\n","protected":false},"author":2,"featured_media":803,"comment_status":"open","ping_status":"open","sticky":false,"template":"","format":"standard","meta":{"footnotes":""},"categories":[7],"tags":[],"class_list":["post-802","post","type-post","status-publish","format-standard","has-post-thumbnail","hentry","category-noticias"],"_links":{"self":[{"href":"https:\/\/sociedadcivilenred.org.ar\/index.php\/wp-json\/wp\/v2\/posts\/802","targetHints":{"allow":["GET"]}}],"collection":[{"href":"https:\/\/sociedadcivilenred.org.ar\/index.php\/wp-json\/wp\/v2\/posts"}],"about":[{"href":"https:\/\/sociedadcivilenred.org.ar\/index.php\/wp-json\/wp\/v2\/types\/post"}],"author":[{"embeddable":true,"href":"https:\/\/sociedadcivilenred.org.ar\/index.php\/wp-json\/wp\/v2\/users\/2"}],"replies":[{"embeddable":true,"href":"https:\/\/sociedadcivilenred.org.ar\/index.php\/wp-json\/wp\/v2\/comments?post=802"}],"version-history":[{"count":2,"href":"https:\/\/sociedadcivilenred.org.ar\/index.php\/wp-json\/wp\/v2\/posts\/802\/revisions"}],"predecessor-version":[{"id":816,"href":"https:\/\/sociedadcivilenred.org.ar\/index.php\/wp-json\/wp\/v2\/posts\/802\/revisions\/816"}],"wp:featuredmedia":[{"embeddable":true,"href":"https:\/\/sociedadcivilenred.org.ar\/index.php\/wp-json\/wp\/v2\/media\/803"}],"wp:attachment":[{"href":"https:\/\/sociedadcivilenred.org.ar\/index.php\/wp-json\/wp\/v2\/media?parent=802"}],"wp:term":[{"taxonomy":"category","embeddable":true,"href":"https:\/\/sociedadcivilenred.org.ar\/index.php\/wp-json\/wp\/v2\/categories?post=802"},{"taxonomy":"post_tag","embeddable":true,"href":"https:\/\/sociedadcivilenred.org.ar\/index.php\/wp-json\/wp\/v2\/tags?post=802"}],"curies":[{"name":"wp","href":"https:\/\/api.w.org\/{rel}","templated":true}]}}