{"id":805,"date":"2025-06-23T01:55:36","date_gmt":"2025-06-22T23:55:36","guid":{"rendered":"https:\/\/sociedadcivilenred.org.ar\/?p=805"},"modified":"2025-06-23T01:55:37","modified_gmt":"2025-06-22T23:55:37","slug":"se-realizo-el-taller-de-gestion-institucional-y-transparencia-administracion-de-fondos-de-osc-en-cordoba","status":"publish","type":"post","link":"https:\/\/sociedadcivilenred.org.ar\/index.php\/2025\/06\/23\/se-realizo-el-taller-de-gestion-institucional-y-transparencia-administracion-de-fondos-de-osc-en-cordoba\/","title":{"rendered":"Se realiz\u00f3 el Taller de Gesti\u00f3n Institucional y Transparencia: &#8220;Administraci\u00f3n de fondos de OSC&#8221; en C\u00f3rdoba"},"content":{"rendered":"\n<p>M\u00e1s de 40 organizaciones participaron de la Capacitaci\u00f3n a cargo de Diego Guilisasti, Coordinador Ejecutivo de SCR. El marco fue la Legislatura Hist\u00f3rica de C\u00f3rdoba. <\/p>\n\n\n\n<p>Tem\u00e1ticas como Presupuesto, Indicadores, Flujo de fondos fueron los ejes centrales del taller. <\/p>\n\n\n\n<p>La actividad fue impulsada por la Federaci\u00f3n de Fundaciones Argentinas &#8211; FEDEFA- en el marco del Proyecto Sociedad Civil en Red -SCR-, con cofinanciamiento de la Uni\u00f3n Europea. <\/p>\n\n\n\n<p>Organiz\u00f3: Fundaci\u00f3n Recursos Humanos en Red &#8211; Invit\u00f3: Fundaci\u00f3n de la Universidad Nacional de Villa Mar\u00eda, Gobierno de la provincia de C\u00f3rdoba, Legislatura de C\u00f3rdoba y FUNICED.<br>Colabor\u00f3: Fundaci\u00f3n Por Nuestros Ni\u00f1os Salta.<\/p>\n\n\n\n<p><\/p>\n","protected":false},"excerpt":{"rendered":"<p>M\u00e1s de 40 organizaciones participaron de la Capacitaci\u00f3n a cargo de Diego Guilisasti, Coordinador Ejecutivo de SCR. El marco fue la Legislatura Hist\u00f3rica de C\u00f3rdoba. Tem\u00e1ticas como Presupuesto, Indicadores, Flujo de fondos fueron los ejes centrales del taller. La actividad fue impulsada por la Federaci\u00f3n de Fundaciones Argentinas &#8211; FEDEFA- en el marco del Proyecto Sociedad Civil en Red -SCR-, con cofinanciamiento de la Uni\u00f3n Europea. Organiz\u00f3: Fundaci\u00f3n Recursos Humanos en Red &#8211; Invit\u00f3: Fundaci\u00f3n de la Universidad Nacional de Villa Mar\u00eda, Gobierno de la provincia de C\u00f3rdoba, Legislatura de C\u00f3rdoba y FUNICED.Colabor\u00f3: Fundaci\u00f3n Por Nuestros Ni\u00f1os Salta.<\/p>\n","protected":false},"author":2,"featured_media":806,"comment_status":"open","ping_status":"open","sticky":false,"template":"","format":"standard","meta":{"footnotes":""},"categories":[7],"tags":[],"class_list":["post-805","post","type-post","status-publish","format-standard","has-post-thumbnail","hentry","category-noticias"],"_links":{"self":[{"href":"https:\/\/sociedadcivilenred.org.ar\/index.php\/wp-json\/wp\/v2\/posts\/805","targetHints":{"allow":["GET"]}}],"collection":[{"href":"https:\/\/sociedadcivilenred.org.ar\/index.php\/wp-json\/wp\/v2\/posts"}],"about":[{"href":"https:\/\/sociedadcivilenred.org.ar\/index.php\/wp-json\/wp\/v2\/types\/post"}],"author":[{"embeddable":true,"href":"https:\/\/sociedadcivilenred.org.ar\/index.php\/wp-json\/wp\/v2\/users\/2"}],"replies":[{"embeddable":true,"href":"https:\/\/sociedadcivilenred.org.ar\/index.php\/wp-json\/wp\/v2\/comments?post=805"}],"version-history":[{"count":1,"href":"https:\/\/sociedadcivilenred.org.ar\/index.php\/wp-json\/wp\/v2\/posts\/805\/revisions"}],"predecessor-version":[{"id":807,"href":"https:\/\/sociedadcivilenred.org.ar\/index.php\/wp-json\/wp\/v2\/posts\/805\/revisions\/807"}],"wp:featuredmedia":[{"embeddable":true,"href":"https:\/\/sociedadcivilenred.org.ar\/index.php\/wp-json\/wp\/v2\/media\/806"}],"wp:attachment":[{"href":"https:\/\/sociedadcivilenred.org.ar\/index.php\/wp-json\/wp\/v2\/media?parent=805"}],"wp:term":[{"taxonomy":"category","embeddable":true,"href":"https:\/\/sociedadcivilenred.org.ar\/index.php\/wp-json\/wp\/v2\/categories?post=805"},{"taxonomy":"post_tag","embeddable":true,"href":"https:\/\/sociedadcivilenred.org.ar\/index.php\/wp-json\/wp\/v2\/tags?post=805"}],"curies":[{"name":"wp","href":"https:\/\/api.w.org\/{rel}","templated":true}]}}