{"id":818,"date":"2025-07-22T20:07:29","date_gmt":"2025-07-22T18:07:29","guid":{"rendered":"https:\/\/sociedadcivilenred.org.ar\/?p=818"},"modified":"2025-07-22T20:07:30","modified_gmt":"2025-07-22T18:07:30","slug":"2-congreso-santafesino-de-organizaciones-de-la-sociedad-civil","status":"publish","type":"post","link":"https:\/\/sociedadcivilenred.org.ar\/index.php\/2025\/07\/22\/2-congreso-santafesino-de-organizaciones-de-la-sociedad-civil\/","title":{"rendered":"2\u00b0 Congreso Santafesino de Organizaciones de la Sociedad Civil"},"content":{"rendered":"\n<p>Se llevar\u00e1 a cabo el jueves 7 de agosto, de 8:00 a 13:00 hs, en la sede Virgen de Guadalupe de la UCSF (Echag\u00fce 7151, Ciudad de Santa Fe).<\/p>\n\n\n\n<p>Un espacio para encontrarnos, debatir y co-crear propuestas de pol\u00edticas p\u00fablicas.<\/p>\n\n\n\n<p>Los ejes tem\u00e1ticos son:<\/p>\n\n\n\n<p>Educaci\u00f3n | Salud&nbsp; | Ambiente&nbsp; | Soberan\u00eda alimentaria&nbsp; | Juventudes&nbsp; | Derechos humanos<\/p>\n\n\n\n<p>Las propuestas que se debatir\u00e1n ser\u00e1n construidas a partir de un relevamiento previo con las organizaciones inscriptas.<\/p>\n\n\n\n<p>Actividad gratuita con cupos limitados<\/p>\n\n\n\n<p>Inscripci\u00f3n: <a href=\"https:\/\/forms.gle\/CZ1vgQmaB39ai6uP6\">https:\/\/forms.gle\/CZ1vgQmaB39ai6uP6<\/a><\/p>\n\n\n\n<p>Adem\u00e1s, te pedimos completar esta breve consulta para organizar las mesas de trabajo: <a href=\"https:\/\/forms.gle\/5MjooGKhiQxCU3Nw7\">https:\/\/forms.gle\/5MjooGKhiQxCU3Nw7<\/a><\/p>\n\n\n\n<p><\/p>\n","protected":false},"excerpt":{"rendered":"<p>Se llevar\u00e1 a cabo el jueves 7 de agosto, de 8:00 a 13:00 hs, en la sede Virgen de Guadalupe de la UCSF (Echag\u00fce 7151, Ciudad de Santa Fe). Un espacio para encontrarnos, debatir y co-crear propuestas de pol\u00edticas p\u00fablicas. Los ejes tem\u00e1ticos son: Educaci\u00f3n | Salud&nbsp; | Ambiente&nbsp; | Soberan\u00eda alimentaria&nbsp; | Juventudes&nbsp; | Derechos humanos Las propuestas que se debatir\u00e1n ser\u00e1n construidas a partir de un relevamiento previo con las organizaciones inscriptas. Actividad gratuita con cupos limitados Inscripci\u00f3n: https:\/\/forms.gle\/CZ1vgQmaB39ai6uP6 Adem\u00e1s, te pedimos completar esta breve consulta para organizar las mesas de trabajo: https:\/\/forms.gle\/5MjooGKhiQxCU3Nw7<\/p>\n","protected":false},"author":2,"featured_media":819,"comment_status":"open","ping_status":"open","sticky":false,"template":"","format":"standard","meta":{"footnotes":""},"categories":[1,8,7],"tags":[],"class_list":["post-818","post","type-post","status-publish","format-standard","has-post-thumbnail","hentry","category-blog","category-capacitaciones","category-noticias"],"_links":{"self":[{"href":"https:\/\/sociedadcivilenred.org.ar\/index.php\/wp-json\/wp\/v2\/posts\/818","targetHints":{"allow":["GET"]}}],"collection":[{"href":"https:\/\/sociedadcivilenred.org.ar\/index.php\/wp-json\/wp\/v2\/posts"}],"about":[{"href":"https:\/\/sociedadcivilenred.org.ar\/index.php\/wp-json\/wp\/v2\/types\/post"}],"author":[{"embeddable":true,"href":"https:\/\/sociedadcivilenred.org.ar\/index.php\/wp-json\/wp\/v2\/users\/2"}],"replies":[{"embeddable":true,"href":"https:\/\/sociedadcivilenred.org.ar\/index.php\/wp-json\/wp\/v2\/comments?post=818"}],"version-history":[{"count":1,"href":"https:\/\/sociedadcivilenred.org.ar\/index.php\/wp-json\/wp\/v2\/posts\/818\/revisions"}],"predecessor-version":[{"id":820,"href":"https:\/\/sociedadcivilenred.org.ar\/index.php\/wp-json\/wp\/v2\/posts\/818\/revisions\/820"}],"wp:featuredmedia":[{"embeddable":true,"href":"https:\/\/sociedadcivilenred.org.ar\/index.php\/wp-json\/wp\/v2\/media\/819"}],"wp:attachment":[{"href":"https:\/\/sociedadcivilenred.org.ar\/index.php\/wp-json\/wp\/v2\/media?parent=818"}],"wp:term":[{"taxonomy":"category","embeddable":true,"href":"https:\/\/sociedadcivilenred.org.ar\/index.php\/wp-json\/wp\/v2\/categories?post=818"},{"taxonomy":"post_tag","embeddable":true,"href":"https:\/\/sociedadcivilenred.org.ar\/index.php\/wp-json\/wp\/v2\/tags?post=818"}],"curies":[{"name":"wp","href":"https:\/\/api.w.org\/{rel}","templated":true}]}}