{"id":821,"date":"2025-07-22T20:12:16","date_gmt":"2025-07-22T18:12:16","guid":{"rendered":"https:\/\/sociedadcivilenred.org.ar\/?p=821"},"modified":"2025-07-22T20:12:18","modified_gmt":"2025-07-22T18:12:18","slug":"salta-taller-desarrollo-de-alianzas-estrategicas","status":"publish","type":"post","link":"https:\/\/sociedadcivilenred.org.ar\/index.php\/2025\/07\/22\/salta-taller-desarrollo-de-alianzas-estrategicas\/","title":{"rendered":"Salta:\u00a0Taller &#8220;Desarrollo de Alianzas Estrat\u00e9gicas&#8221;"},"content":{"rendered":"\n<figure class=\"wp-block-table\"><table class=\"has-fixed-layout\"><tbody><tr><td>Desde Sociedad Civil en Red y FEDEFA &#8211; Federaci\u00f3n de Fundaciones Argentinas- te invitamos a participar de un nuevo taller clave para fortalecer tu organizaci\u00f3n y avanzar hacia una gesti\u00f3n m\u00e1s profesional y transparente, de forma presencial.\u00a0<br><br>A cargo de Ver\u00f3nica Figueroa, Presidente de la Fundaci\u00f3n Por Nuestros Ni\u00f1os Salta. Con la presencia destacada de Nicol\u00e1s Zenteno N\u00fa\u00f1ez, Subsecretario de Gobierno a cargo de Inspecci\u00f3n General de Personas Jur\u00eddicas<br><br>\u00bfCu\u00e1ndo? Jueves 24 de julio \u2013 17 \u00a0horas\u00a0<br>Modalidad Presencial. En COPAIPA, Zuvir\u00eda 291, Ciudad de Salta. \u00a0Actividad libre y gratuita<br><br>Inscripci\u00f3n:\u00a0<a href=\"https:\/\/boletines.fedefa.org.ar\/c\/qgk7n\/rtkfcr1y\/jjpelbvtl-e\" target=\"_blank\" rel=\"noreferrer noopener\">https:\/\/forms.gle\/55ULkKTUU9extvL6A<\/a><br><br>Organiza: Fundaci\u00f3n Por Nuestros Ni\u00f1os Salta, Fundaci\u00f3n Recursos Humanos en Red. <br><br>Invita: Subsecretar\u00eda de Inspecci\u00f3n General de Personas Jur\u00eddicas, \u00a0Gobierno de la provincia de Salta y Federaci\u00f3n de Fundaciones Argentinas- FEDEFA-.\u00a0<br><br>Esta actividad se realiza en el marco del proyecto Sociedad Civil en Red, con cofinanciamiento de la Uni\u00f3n Europea\u00a0<br>\u00a1Te esperamos para seguir construyendo organizaciones m\u00e1s s\u00f3lidas y confiables!<\/td><\/tr><\/tbody><\/table><\/figure>\n","protected":false},"excerpt":{"rendered":"<p>Desde Sociedad Civil en Red y FEDEFA &#8211; Federaci\u00f3n de Fundaciones Argentinas- te invitamos a participar de un nuevo taller clave para fortalecer tu organizaci\u00f3n y avanzar hacia una gesti\u00f3n m\u00e1s profesional y transparente, de forma presencial.\u00a0 A cargo de Ver\u00f3nica Figueroa, Presidente de la Fundaci\u00f3n Por Nuestros Ni\u00f1os Salta. Con la presencia destacada de Nicol\u00e1s Zenteno N\u00fa\u00f1ez, Subsecretario de Gobierno a cargo de Inspecci\u00f3n General de Personas Jur\u00eddicas \u00bfCu\u00e1ndo? Jueves 24 de julio \u2013 17 \u00a0horas\u00a0Modalidad Presencial. En COPAIPA, Zuvir\u00eda 291, Ciudad de Salta. \u00a0Actividad libre y gratuita Inscripci\u00f3n:\u00a0https:\/\/forms.gle\/55ULkKTUU9extvL6A Organiza: Fundaci\u00f3n Por Nuestros Ni\u00f1os Salta, Fundaci\u00f3n Recursos Humanos en Red. Invita: Subsecretar\u00eda de Inspecci\u00f3n General de Personas Jur\u00eddicas, \u00a0Gobierno de la provincia de Salta y Federaci\u00f3n de Fundaciones Argentinas- FEDEFA-.\u00a0 Esta actividad se realiza en el marco del proyecto Sociedad Civil en Red, con cofinanciamiento de la Uni\u00f3n Europea\u00a0\u00a1Te esperamos para seguir construyendo organizaciones m\u00e1s s\u00f3lidas y confiables!<\/p>\n","protected":false},"author":2,"featured_media":822,"comment_status":"open","ping_status":"open","sticky":false,"template":"","format":"standard","meta":{"footnotes":""},"categories":[1],"tags":[],"class_list":["post-821","post","type-post","status-publish","format-standard","has-post-thumbnail","hentry","category-blog"],"_links":{"self":[{"href":"https:\/\/sociedadcivilenred.org.ar\/index.php\/wp-json\/wp\/v2\/posts\/821","targetHints":{"allow":["GET"]}}],"collection":[{"href":"https:\/\/sociedadcivilenred.org.ar\/index.php\/wp-json\/wp\/v2\/posts"}],"about":[{"href":"https:\/\/sociedadcivilenred.org.ar\/index.php\/wp-json\/wp\/v2\/types\/post"}],"author":[{"embeddable":true,"href":"https:\/\/sociedadcivilenred.org.ar\/index.php\/wp-json\/wp\/v2\/users\/2"}],"replies":[{"embeddable":true,"href":"https:\/\/sociedadcivilenred.org.ar\/index.php\/wp-json\/wp\/v2\/comments?post=821"}],"version-history":[{"count":1,"href":"https:\/\/sociedadcivilenred.org.ar\/index.php\/wp-json\/wp\/v2\/posts\/821\/revisions"}],"predecessor-version":[{"id":823,"href":"https:\/\/sociedadcivilenred.org.ar\/index.php\/wp-json\/wp\/v2\/posts\/821\/revisions\/823"}],"wp:featuredmedia":[{"embeddable":true,"href":"https:\/\/sociedadcivilenred.org.ar\/index.php\/wp-json\/wp\/v2\/media\/822"}],"wp:attachment":[{"href":"https:\/\/sociedadcivilenred.org.ar\/index.php\/wp-json\/wp\/v2\/media?parent=821"}],"wp:term":[{"taxonomy":"category","embeddable":true,"href":"https:\/\/sociedadcivilenred.org.ar\/index.php\/wp-json\/wp\/v2\/categories?post=821"},{"taxonomy":"post_tag","embeddable":true,"href":"https:\/\/sociedadcivilenred.org.ar\/index.php\/wp-json\/wp\/v2\/tags?post=821"}],"curies":[{"name":"wp","href":"https:\/\/api.w.org\/{rel}","templated":true}]}}