{"id":824,"date":"2025-07-22T20:31:10","date_gmt":"2025-07-22T18:31:10","guid":{"rendered":"https:\/\/sociedadcivilenred.org.ar\/?p=824"},"modified":"2025-07-22T20:31:37","modified_gmt":"2025-07-22T18:31:37","slug":"programa-de-formacion-para-emprendedores-manos-que-emprenden","status":"publish","type":"post","link":"https:\/\/sociedadcivilenred.org.ar\/index.php\/2025\/07\/22\/programa-de-formacion-para-emprendedores-manos-que-emprenden\/","title":{"rendered":"PROGRAMA DE FORMACI\u00d3N PARA EMPRENDEDORES \u201cMANOS QUE EMPRENDEN\u201d"},"content":{"rendered":"\n<p>Desde el Instituto de Econom\u00eda Social y Desarrollo Sustentable de la FPHV junto a la&nbsp;<a href=\"https:\/\/www.instagram.com\/extension.fce.unlp\/\">@extension.fce.unlp<\/a>&nbsp;, invitamos a participar del Programa de Formaci\u00f3n \u201cManos que Emprenden\u201d.<\/p>\n\n\n\n<p> 8 encuentros semanales<\/p>\n\n\n\n<p>Inicio Lunes 4 de agosto<\/p>\n\n\n\n<p>17:30 a 19:30 hs<\/p>\n\n\n\n<p>Calle 6 N\u00b0 777 &#8211; Facultad de Ciencias Econ\u00f3micas de la UNLP<\/p>\n\n\n\n<p>Actividad gratuita con inscripci\u00f3n previa a trav\u00e9s de <a href=\"https:\/\/forms.gle\/cCP1FNaNd2yTzCM39\">https:\/\/forms.gle\/cCP1FNaNd2yTzCM39<\/a><\/p>\n\n\n\n<p>Esta actividad forma parte del Proyecto\u00a0Sociedad Civil en Red co-financiado por la Uni\u00f3n Europea en Argentina<\/p>\n\n\n\n<p><\/p>\n","protected":false},"excerpt":{"rendered":"<p>Desde el Instituto de Econom\u00eda Social y Desarrollo Sustentable de la FPHV junto a la&nbsp;@extension.fce.unlp&nbsp;, invitamos a participar del Programa de Formaci\u00f3n \u201cManos que Emprenden\u201d. 8 encuentros semanales Inicio Lunes 4 de agosto 17:30 a 19:30 hs Calle 6 N\u00b0 777 &#8211; Facultad de Ciencias Econ\u00f3micas de la UNLP Actividad gratuita con inscripci\u00f3n previa a trav\u00e9s de https:\/\/forms.gle\/cCP1FNaNd2yTzCM39 Esta actividad forma parte del Proyecto\u00a0Sociedad Civil en Red co-financiado por la Uni\u00f3n Europea en Argentina<\/p>\n","protected":false},"author":2,"featured_media":825,"comment_status":"open","ping_status":"open","sticky":false,"template":"","format":"standard","meta":{"footnotes":""},"categories":[1],"tags":[],"class_list":["post-824","post","type-post","status-publish","format-standard","has-post-thumbnail","hentry","category-blog"],"_links":{"self":[{"href":"https:\/\/sociedadcivilenred.org.ar\/index.php\/wp-json\/wp\/v2\/posts\/824","targetHints":{"allow":["GET"]}}],"collection":[{"href":"https:\/\/sociedadcivilenred.org.ar\/index.php\/wp-json\/wp\/v2\/posts"}],"about":[{"href":"https:\/\/sociedadcivilenred.org.ar\/index.php\/wp-json\/wp\/v2\/types\/post"}],"author":[{"embeddable":true,"href":"https:\/\/sociedadcivilenred.org.ar\/index.php\/wp-json\/wp\/v2\/users\/2"}],"replies":[{"embeddable":true,"href":"https:\/\/sociedadcivilenred.org.ar\/index.php\/wp-json\/wp\/v2\/comments?post=824"}],"version-history":[{"count":1,"href":"https:\/\/sociedadcivilenred.org.ar\/index.php\/wp-json\/wp\/v2\/posts\/824\/revisions"}],"predecessor-version":[{"id":826,"href":"https:\/\/sociedadcivilenred.org.ar\/index.php\/wp-json\/wp\/v2\/posts\/824\/revisions\/826"}],"wp:featuredmedia":[{"embeddable":true,"href":"https:\/\/sociedadcivilenred.org.ar\/index.php\/wp-json\/wp\/v2\/media\/825"}],"wp:attachment":[{"href":"https:\/\/sociedadcivilenred.org.ar\/index.php\/wp-json\/wp\/v2\/media?parent=824"}],"wp:term":[{"taxonomy":"category","embeddable":true,"href":"https:\/\/sociedadcivilenred.org.ar\/index.php\/wp-json\/wp\/v2\/categories?post=824"},{"taxonomy":"post_tag","embeddable":true,"href":"https:\/\/sociedadcivilenred.org.ar\/index.php\/wp-json\/wp\/v2\/tags?post=824"}],"curies":[{"name":"wp","href":"https:\/\/api.w.org\/{rel}","templated":true}]}}