{"id":830,"date":"2025-07-23T20:21:29","date_gmt":"2025-07-23T18:21:29","guid":{"rendered":"https:\/\/sociedadcivilenred.org.ar\/?p=830"},"modified":"2025-07-23T20:21:30","modified_gmt":"2025-07-23T18:21:30","slug":"avances-de-la-mesa-patagonica-de-osc","status":"publish","type":"post","link":"https:\/\/sociedadcivilenred.org.ar\/index.php\/2025\/07\/23\/avances-de-la-mesa-patagonica-de-osc\/","title":{"rendered":"Avances de la Mesa Patag\u00f3nica de OSC"},"content":{"rendered":"\n<p><strong>Avances de la Mesa Patag\u00f3nica de Organizaciones de la Sociedad Civil<\/strong><\/p>\n\n\n\n<p>El 1 de abril, en la ciudad de Neuqu\u00e9n, 20 Organizaciones de la Sociedad Civil (OSC) de Neuqu\u00e9n, Rio Negro y Chubut firmaron el acta constitutiva que da inicio a la Mesa Patag\u00f3nica de Organizaciones de la Sociedad Civil con el objetivo de incidir en pol\u00edticas p\u00fablicas, articular con el sector privado y el trabajo en red entre las OSC.<\/p>\n\n\n\n<p>La Mesa ha avanzado con distintas acciones en el 2025,  entre las que se mencionan:\u00a0<\/p>\n\n\n\n<p>Sostenibilidad del Espacio<br>La Mesa Patag\u00f3nica ha presentado una propuesta de financiamiento a la Embajada de Irlanda para asegurar la sostenibilidad del espacio a largo plazo. Este financiamiento es crucial para continuar trabajando en la mejora del sector civil.<\/p>\n\n\n\n<p>Personas Jur\u00eddicas<br>Neuqu\u00e9n<br>Se realiz\u00f3 una reuni\u00f3n con Esteban Junca, donde se presentaron las inquietudes de la mesa y se discutieron nuevas medidas que buscan crear un espacio donde el Inspector de Personer\u00eda Jur\u00eddica pueda comunicar normativas actualizadas.<br>Chubut<br>Se reuni\u00f3 con Ernesto D\u2019Alessandro y Sandra del Carmen Yancamil, discutiendo temas como la implementaci\u00f3n de un decreto para regularizar organizaciones y la alta tasa de irregularidad de personas jur\u00eddicas, que afecta al 65% de estas en la provincia.<\/p>\n\n\n\n<p><br>Secretar\u00eda de Juventudes y Diversidad de Neuqu\u00e9n<br>En un encuentro con Luz Blanco y Exequiel Ben\u00edtez, se destac\u00f3 la importancia de apoyar a la juventud y la diversidad para el desarrollo social. Se discutieron posibles colaboraciones conjuntas para maximizar el impacto de las acciones en la comunidad.<\/p>\n\n\n\n<p><br>ALIANZAS Y ESTRATEGIAS DE OSC NEUQUEN<br>Reuni\u00f3n con Luis Huenten, director de Alianzas y Estrategias de Neuqu\u00e9n, para presentar la Mesa y discutir el trabajo realizado hasta el momento, as\u00ed como las acciones previstas para el futuro. Durante la reuni\u00f3n, se destac\u00f3 la importancia de fortalecer el sector civil y se acord\u00f3 establecer una articulaci\u00f3n estrat\u00e9gica que permitir\u00e1 potenciar nuestras iniciativas y colaborar en proyectos que fomenten el desarrollo sostenible e inclusi\u00f3n social en la regi\u00f3n. Este encuentro fue un paso fundamental para sentar las bases de una cooperaci\u00f3n fruct\u00edfera y se planea programar una pr\u00f3xima reuni\u00f3n para dar seguimiento a los acuerdos establecidos.<\/p>\n\n\n\n<p><br>Sector Privado<br>Se firm\u00f3 un Convenio Marco de Colaboraci\u00f3n mutua con San Agust\u00edn Constructora, una empresa del sector privado que opera en la zona. El convenio tiene como objetivo fortalecer v\u00ednculos entre el sector privado y las OSC. Constructora San Agust\u00edn es la primer empresa con la que se firma un acuerdo de articulaci\u00f3n. <\/p>\n\n\n\n<p>Sector Privado<br>Se firm\u00f3 un Convenio Marco de Colaboraci\u00f3n mutua con San Agust\u00edn Constructora, una empresa del sector privado que opera en la zona. El convenio tiene como objetivo fortalecer v\u00ednculos entre el sector privado y las OSC.\u00a0<\/p>\n\n\n\n<p>\u00a1Avanza la Mesa Patag\u00f3nica de Organizaciones con fines sociales! <\/p>\n\n\n\n<p><\/p>\n","protected":false},"excerpt":{"rendered":"<p>Avances de la Mesa Patag\u00f3nica de Organizaciones de la Sociedad Civil El 1 de abril, en la ciudad de Neuqu\u00e9n, 20 Organizaciones de la Sociedad Civil (OSC) de Neuqu\u00e9n, Rio Negro y Chubut firmaron el acta constitutiva que da inicio a la Mesa Patag\u00f3nica de Organizaciones de la Sociedad Civil con el objetivo de incidir en pol\u00edticas p\u00fablicas, articular con el sector privado y el trabajo en red entre las OSC. La Mesa ha avanzado con distintas acciones en el 2025, entre las que se mencionan:\u00a0 Sostenibilidad del EspacioLa Mesa Patag\u00f3nica ha presentado una propuesta de financiamiento a la Embajada de Irlanda para asegurar la sostenibilidad del espacio a largo plazo. Este financiamiento es crucial para continuar trabajando en la mejora del sector civil. Personas Jur\u00eddicasNeuqu\u00e9nSe realiz\u00f3 una reuni\u00f3n con Esteban Junca, donde se presentaron las inquietudes de la mesa y se discutieron nuevas medidas que buscan crear un espacio donde el Inspector de Personer\u00eda Jur\u00eddica pueda comunicar normativas actualizadas.ChubutSe reuni\u00f3 con Ernesto D\u2019Alessandro y Sandra del Carmen Yancamil, discutiendo temas como la implementaci\u00f3n de un decreto para regularizar organizaciones y la alta tasa de irregularidad de personas jur\u00eddicas, que afecta al 65% de estas en la provincia. Secretar\u00eda de Juventudes y Diversidad de Neuqu\u00e9nEn un encuentro con Luz Blanco y Exequiel Ben\u00edtez, se destac\u00f3 la importancia de apoyar a la juventud y la diversidad para el desarrollo social. Se discutieron posibles colaboraciones conjuntas para maximizar el impacto de las acciones en la comunidad. ALIANZAS Y ESTRATEGIAS DE OSC NEUQUENReuni\u00f3n con Luis Huenten, director de Alianzas y Estrategias de Neuqu\u00e9n, para presentar la Mesa y discutir el trabajo realizado hasta el momento, as\u00ed como las acciones previstas para el futuro. Durante la reuni\u00f3n, se destac\u00f3 la importancia de fortalecer el sector civil y se acord\u00f3 establecer una articulaci\u00f3n estrat\u00e9gica que permitir\u00e1 potenciar nuestras iniciativas y colaborar en proyectos que fomenten el desarrollo sostenible e inclusi\u00f3n social en la regi\u00f3n. Este encuentro fue un paso fundamental para sentar las bases de una cooperaci\u00f3n fruct\u00edfera y se planea programar una pr\u00f3xima reuni\u00f3n para dar seguimiento a los acuerdos establecidos. Sector PrivadoSe firm\u00f3 un Convenio Marco de Colaboraci\u00f3n mutua con San Agust\u00edn Constructora, una empresa del sector privado que opera en la zona. El convenio tiene como objetivo fortalecer v\u00ednculos entre el sector privado y las OSC. Constructora San Agust\u00edn es la primer empresa con la que se firma un acuerdo de articulaci\u00f3n. Sector PrivadoSe firm\u00f3 un Convenio Marco de Colaboraci\u00f3n mutua con San Agust\u00edn Constructora, una empresa del sector privado que opera en la zona. El convenio tiene como objetivo fortalecer v\u00ednculos entre el sector privado y las OSC.\u00a0 \u00a1Avanza la Mesa Patag\u00f3nica de Organizaciones con fines sociales!<\/p>\n","protected":false},"author":2,"featured_media":831,"comment_status":"open","ping_status":"open","sticky":false,"template":"","format":"standard","meta":{"footnotes":""},"categories":[1],"tags":[],"class_list":["post-830","post","type-post","status-publish","format-standard","has-post-thumbnail","hentry","category-blog"],"_links":{"self":[{"href":"https:\/\/sociedadcivilenred.org.ar\/index.php\/wp-json\/wp\/v2\/posts\/830","targetHints":{"allow":["GET"]}}],"collection":[{"href":"https:\/\/sociedadcivilenred.org.ar\/index.php\/wp-json\/wp\/v2\/posts"}],"about":[{"href":"https:\/\/sociedadcivilenred.org.ar\/index.php\/wp-json\/wp\/v2\/types\/post"}],"author":[{"embeddable":true,"href":"https:\/\/sociedadcivilenred.org.ar\/index.php\/wp-json\/wp\/v2\/users\/2"}],"replies":[{"embeddable":true,"href":"https:\/\/sociedadcivilenred.org.ar\/index.php\/wp-json\/wp\/v2\/comments?post=830"}],"version-history":[{"count":2,"href":"https:\/\/sociedadcivilenred.org.ar\/index.php\/wp-json\/wp\/v2\/posts\/830\/revisions"}],"predecessor-version":[{"id":833,"href":"https:\/\/sociedadcivilenred.org.ar\/index.php\/wp-json\/wp\/v2\/posts\/830\/revisions\/833"}],"wp:featuredmedia":[{"embeddable":true,"href":"https:\/\/sociedadcivilenred.org.ar\/index.php\/wp-json\/wp\/v2\/media\/831"}],"wp:attachment":[{"href":"https:\/\/sociedadcivilenred.org.ar\/index.php\/wp-json\/wp\/v2\/media?parent=830"}],"wp:term":[{"taxonomy":"category","embeddable":true,"href":"https:\/\/sociedadcivilenred.org.ar\/index.php\/wp-json\/wp\/v2\/categories?post=830"},{"taxonomy":"post_tag","embeddable":true,"href":"https:\/\/sociedadcivilenred.org.ar\/index.php\/wp-json\/wp\/v2\/tags?post=830"}],"curies":[{"name":"wp","href":"https:\/\/api.w.org\/{rel}","templated":true}]}}