{"id":842,"date":"2025-09-24T15:04:33","date_gmt":"2025-09-24T13:04:33","guid":{"rendered":"https:\/\/sociedadcivilenred.org.ar\/?p=842"},"modified":"2025-09-24T15:13:13","modified_gmt":"2025-09-24T13:13:13","slug":"congreso-nacional-de-organizaciones-de-la-sociedad-civil-resumenmesa-tematica-democracia-y-derechos-humanos","status":"publish","type":"post","link":"https:\/\/sociedadcivilenred.org.ar\/index.php\/2025\/09\/24\/congreso-nacional-de-organizaciones-de-la-sociedad-civil-resumenmesa-tematica-democracia-y-derechos-humanos\/","title":{"rendered":"Congreso Nacional de Organizaciones de la Sociedad Civil- Resumen Mesa Tem\u00e1tica Democracia y Derechos Humanos"},"content":{"rendered":"\n<p>Presentamos el resumen de la Mesa: <\/p>\n\n\n\n<h1 class=\"wp-block-heading\"><strong>Mesa Democracia y Derechos Humanos<\/strong><\/h1>\n\n\n\n<h3 class=\"wp-block-heading\"><strong>Participantes principales<\/strong><\/h3>\n\n\n\n<p>Coordinaci\u00f3n: Anal\u00eda Chitniel, Dora Susana Moneta, Ver\u00f3nica Nunes Amaro, Lara Chiavarini, Victoria Di Leva y Ver\u00f3nica Nunes Amaro (Wingu)<br><br>Aportes destacados (personas invitadas, participantes):<\/p>\n\n\n\n<ul class=\"wp-block-list\">\n<li>Marie Louise Mart\u00edn (Fundaleu).<br><\/li>\n\n\n\n<li>Sof\u00eda de Laferrere (Fundadora de Voluntarios para la Patria y Asociaci\u00f3n Conciencia).<br><\/li>\n\n\n\n<li>Soledad Rodr\u00edguez Iglesias (Junta Comunal 14 \u2013 Palermo).<br><\/li>\n\n\n\n<li>Mariano Obarrio (periodista).<br><\/li>\n\n\n\n<li>Cristina Ambrosio (Sinergia Educativa, Santa Fe).<br><\/li>\n\n\n\n<li>Mar\u00eda de las Mercedes Aranguren (OSC).<br><\/li>\n<\/ul>\n\n\n\n<h3 class=\"wp-block-heading\"><strong>Estado de situaci\u00f3n (diagn\u00f3stico y contexto)<\/strong><\/h3>\n\n\n\n<ul class=\"wp-block-list\">\n<li><strong>D\u00e9ficit en la representaci\u00f3n pol\u00edtica<\/strong>: cargos ocupados por designaci\u00f3n partidaria m\u00e1s que por m\u00e9rito, listas cerradas y falta de concursos transparentes.<br><\/li>\n\n\n\n<li><strong>Poca participaci\u00f3n ciudadana real<\/strong>: j\u00f3venes y sociedad civil con espacios simb\u00f3licos m\u00e1s que efectivos.<br><\/li>\n\n\n\n<li><strong>Desconexi\u00f3n entre poderes del Estado y sociedad civil<\/strong>, que limita la calidad de la democracia.<br><\/li>\n\n\n\n<li><strong>Falta de educaci\u00f3n c\u00edvica y ciudadana<\/strong> desde la primera infancia.<br><\/li>\n\n\n\n<li><strong>Debilidad \u00e9tica y de valores en la pol\u00edtica<\/strong>, que erosiona la confianza social.<br><\/li>\n<\/ul>\n\n\n\n<h3 class=\"wp-block-heading\"><strong>Pol\u00edticas p\u00fablicas propuestas<\/strong><\/h3>\n\n\n\n<ul class=\"wp-block-list\">\n<li>Creaci\u00f3n de un <strong>Consejo Consultivo de la Sociedad Civil<\/strong> con incidencia formal en procesos legislativos y pol\u00edticas p\u00fablicas.<br><\/li>\n\n\n\n<li>Fortalecimiento de la <strong>educaci\u00f3n c\u00edvica obligatoria<\/strong> en todos los niveles, con distribuci\u00f3n masiva de la Constituci\u00f3n Nacional y formaci\u00f3n en deberes y derechos.<br><\/li>\n\n\n\n<li><strong>Mecanismos de acceso concursado a cargos p\u00fablicos<\/strong>, para asegurar transparencia y meritocracia.<br><\/li>\n\n\n\n<li>Implementaci\u00f3n de <strong>espacios de gobierno abierto<\/strong> donde sociedad civil, Estado y sector privado trabajen de manera conjunta.<br><\/li>\n\n\n\n<li>Programas masivos de <strong>capacitaci\u00f3n laboral y de competencias blandas<\/strong> vinculados a la democracia y la inclusi\u00f3n social.<br><\/li>\n<\/ul>\n\n\n\n<h3 class=\"wp-block-heading\"><strong>Otros aportes<\/strong><\/h3>\n\n\n\n<ul class=\"wp-block-list\">\n<li>Ejemplo de <strong>concursos abiertos<\/strong> para cargos comunales en CABA (Soledad Rodr\u00edguez Iglesias).<br><\/li>\n\n\n\n<li>Experiencia de Fundaedu: campa\u00f1as <em>Cuid\u00e1 tu voto<\/em> y <em>Chau indiferencia<\/em>, distribuci\u00f3n de constituciones incluso en lenguas originarias.<br><\/li>\n\n\n\n<li>Propuesta de programas inspirados en Alemania: integraci\u00f3n de sector privado, Estado y sociedad civil en agencias de trabajo y formaci\u00f3n.<br><\/li>\n\n\n\n<li>Reflexiones sobre \u00e9tica y valores como base del sistema democr\u00e1tico (ejemplo del sem\u00e1foro y la met\u00e1fora de Aljurazi sobre el valor humano).<br><\/li>\n\n\n\n<li>Se enfatiz\u00f3 la necesidad de unidad y colaboraci\u00f3n entre OSC, superando la competencia interna.<br><\/li>\n\n\n\n<li>Se vincul\u00f3 el debate con la realidad actual del pa\u00eds (pobreza, violencia, baja calidad institucional).<br><\/li>\n\n\n\n<li>Se destac\u00f3 la importancia de mantener viva la mesa m\u00e1s all\u00e1 del Congreso como espacio de incidencia.<\/li>\n<\/ul>\n\n\n\n<h3 class=\"wp-block-heading\"><strong>Metodolog\u00eda y din\u00e1mica de la mesa<\/strong><\/h3>\n\n\n\n<ul class=\"wp-block-list\">\n<li>Reuniones quincenales y luego semanales previas al Congreso, con alto nivel de debate.<br><\/li>\n\n\n\n<li>En la sesi\u00f3n: exposiciones iniciales, aportes de invitados\/as y apertura a preguntas del p\u00fablico.<br><\/li>\n\n\n\n<li>Enfoque en la pluralidad de miradas y la importancia del disenso como aporte constructivo.<\/li>\n<\/ul>\n\n\n\n<ul class=\"wp-block-list\">\n<li>Participaron 44 personas de 109 inscripciones.<\/li>\n<\/ul>\n\n\n\n<h2 class=\"wp-block-heading\"><strong>Resumen breve&nbsp;<\/strong><\/h2>\n\n\n\n<p>La mesa remarc\u00f3 la crisis de representaci\u00f3n pol\u00edtica, la falta de participaci\u00f3n ciudadana real y la necesidad de reforzar la educaci\u00f3n c\u00edvica y los valores democr\u00e1ticos. Se propuso la creaci\u00f3n de un Consejo Consultivo de la Sociedad Civil, mecanismos de acceso concursado a cargos p\u00fablicos y programas de gobierno abierto e integraci\u00f3n con el sector privado para fortalecer la democracia y los derechos humanos.<\/p>\n","protected":false},"excerpt":{"rendered":"<p>Presentamos el resumen de la Mesa: Mesa Democracia y Derechos Humanos Participantes principales Coordinaci\u00f3n: Anal\u00eda Chitniel, Dora Susana Moneta, Ver\u00f3nica Nunes Amaro, Lara Chiavarini, Victoria Di Leva y Ver\u00f3nica Nunes Amaro (Wingu) Aportes destacados (personas invitadas, participantes): Estado de situaci\u00f3n (diagn\u00f3stico y contexto) Pol\u00edticas p\u00fablicas propuestas Otros aportes Metodolog\u00eda y din\u00e1mica de la mesa Resumen breve&nbsp; La mesa remarc\u00f3 la crisis de representaci\u00f3n pol\u00edtica, la falta de participaci\u00f3n ciudadana real y la necesidad de reforzar la educaci\u00f3n c\u00edvica y los valores democr\u00e1ticos. Se propuso la creaci\u00f3n de un Consejo Consultivo de la Sociedad Civil, mecanismos de acceso concursado a cargos p\u00fablicos y programas de gobierno abierto e integraci\u00f3n con el sector privado para fortalecer la democracia y los derechos humanos.<\/p>\n","protected":false},"author":2,"featured_media":846,"comment_status":"open","ping_status":"open","sticky":false,"template":"","format":"standard","meta":{"footnotes":""},"categories":[7],"tags":[],"class_list":["post-842","post","type-post","status-publish","format-standard","has-post-thumbnail","hentry","category-noticias"],"_links":{"self":[{"href":"https:\/\/sociedadcivilenred.org.ar\/index.php\/wp-json\/wp\/v2\/posts\/842","targetHints":{"allow":["GET"]}}],"collection":[{"href":"https:\/\/sociedadcivilenred.org.ar\/index.php\/wp-json\/wp\/v2\/posts"}],"about":[{"href":"https:\/\/sociedadcivilenred.org.ar\/index.php\/wp-json\/wp\/v2\/types\/post"}],"author":[{"embeddable":true,"href":"https:\/\/sociedadcivilenred.org.ar\/index.php\/wp-json\/wp\/v2\/users\/2"}],"replies":[{"embeddable":true,"href":"https:\/\/sociedadcivilenred.org.ar\/index.php\/wp-json\/wp\/v2\/comments?post=842"}],"version-history":[{"count":2,"href":"https:\/\/sociedadcivilenred.org.ar\/index.php\/wp-json\/wp\/v2\/posts\/842\/revisions"}],"predecessor-version":[{"id":844,"href":"https:\/\/sociedadcivilenred.org.ar\/index.php\/wp-json\/wp\/v2\/posts\/842\/revisions\/844"}],"wp:featuredmedia":[{"embeddable":true,"href":"https:\/\/sociedadcivilenred.org.ar\/index.php\/wp-json\/wp\/v2\/media\/846"}],"wp:attachment":[{"href":"https:\/\/sociedadcivilenred.org.ar\/index.php\/wp-json\/wp\/v2\/media?parent=842"}],"wp:term":[{"taxonomy":"category","embeddable":true,"href":"https:\/\/sociedadcivilenred.org.ar\/index.php\/wp-json\/wp\/v2\/categories?post=842"},{"taxonomy":"post_tag","embeddable":true,"href":"https:\/\/sociedadcivilenred.org.ar\/index.php\/wp-json\/wp\/v2\/tags?post=842"}],"curies":[{"name":"wp","href":"https:\/\/api.w.org\/{rel}","templated":true}]}}