{"id":847,"date":"2025-09-24T15:20:02","date_gmt":"2025-09-24T13:20:02","guid":{"rendered":"https:\/\/sociedadcivilenred.org.ar\/?p=847"},"modified":"2025-09-24T15:20:03","modified_gmt":"2025-09-24T13:20:03","slug":"congreso-nacional-de-organizaciones-de-la-sociedad-civil-resumen-mesa-educacion","status":"publish","type":"post","link":"https:\/\/sociedadcivilenred.org.ar\/index.php\/2025\/09\/24\/congreso-nacional-de-organizaciones-de-la-sociedad-civil-resumen-mesa-educacion\/","title":{"rendered":"Congreso Nacional de Organizaciones de la Sociedad Civil- Resumen Mesa Educaci\u00f3n"},"content":{"rendered":"\n<p>Presentamos el resumen de la Mesa: <\/p>\n\n\n\n<h1 class=\"wp-block-heading\"><strong>Mesa de Educaci\u00f3n<\/strong><\/h1>\n\n\n\n<h3 class=\"wp-block-heading\"><strong>Participantes principales<\/strong><\/h3>\n\n\n\n<p>Coordinaci\u00f3n: Luciana Palacio<br>Participantes:&nbsp; Mariana Corti, Laura Palazzo, Camila Tri\u00f1anes Perretta, Ver\u00f3nica Mar\u00eda del Huerto Reyes, Andrea Massei, In\u00e9s Rizo, Constanza Alferez, Loreley Dure, Laura Donati, Ver\u00f3nica Figueroa, Luz Avruj y Fernanda Malnis.<br><\/p>\n\n\n\n<h3 class=\"wp-block-heading\"><strong>Estado de situaci\u00f3n (diagn\u00f3stico y contexto)<\/strong><\/h3>\n\n\n\n<ul class=\"wp-block-list\">\n<li>Brecha marcada entre formaci\u00f3n de j\u00f3venes e inserci\u00f3n laboral.<br><\/li>\n\n\n\n<li>Planes de estudio desactualizados y desarticulados con el mercado laboral.<br><\/li>\n\n\n\n<li>Insuficiente desarrollo de habilidades blandas y socioemocionales.<br><\/li>\n\n\n\n<li>D\u00e9bil articulaci\u00f3n entre sistema educativo, empresas, Estado y OSC.<br><\/li>\n\n\n\n<li>Formaci\u00f3n docente que no logra responder a nuevas demandas (digitales, socioemocionales, orientaci\u00f3n vocacional).<br><\/li>\n<\/ul>\n\n\n\n<h3 class=\"wp-block-heading\"><strong>Pol\u00edticas p\u00fablicas propuestas (s\u00edntesis)<\/strong><\/h3>\n\n\n\n<ul class=\"wp-block-list\">\n<li>Acompa\u00f1amiento personalizado con becas, pasant\u00edas y mentor\u00edas.<br><\/li>\n\n\n\n<li>Incorporaci\u00f3n temprana de competencias t\u00e9cnicas, digitales y blandas.<br><\/li>\n\n\n\n<li>Trayectorias formativas contextualizadas, vinculadas al territorio y la producci\u00f3n local.<br><\/li>\n\n\n\n<li>Espacios intersectoriales permanentes para dise\u00f1o y seguimiento de pol\u00edticas educativas.<br><\/li>\n\n\n\n<li>Fortalecimiento de la formaci\u00f3n docente continua, con evaluaci\u00f3n de impacto.<br><\/li>\n\n\n\n<li>Medici\u00f3n de habilidades blandas y de rutinas formativas adem\u00e1s de contenidos acad\u00e9micos.<br><\/li>\n<\/ul>\n\n\n\n<h2 class=\"wp-block-heading\"><strong>Recomendaciones finales de las salas (Top 3 por eje tem\u00e1tico)<\/strong><\/h2>\n\n\n\n<p><strong>1. Mesa Intersectorial (Laura Donati)<\/strong><\/p>\n\n\n\n<ul class=\"wp-block-list\">\n<li>Espacio de escucha y participaci\u00f3n activa de j\u00f3venes, empresas, Estado y OSC.<br><\/li>\n\n\n\n<li>Sostenibilidad del espacio intersectorial, m\u00e1s all\u00e1 de coyunturas.<br><\/li>\n\n\n\n<li>Definici\u00f3n de objetivos comunes y acuerdos claros que orienten la acci\u00f3n.<br><\/li>\n<\/ul>\n\n\n\n<p><strong>2. Formaci\u00f3n Docente Continua (Ver\u00f3nica Figueroa)<\/strong><\/p>\n\n\n\n<ul class=\"wp-block-list\">\n<li>Formaci\u00f3n docente adaptada al contexto y diversidad cultural.<br><\/li>\n\n\n\n<li>Inclusi\u00f3n de medici\u00f3n de impacto y significancia en la formaci\u00f3n.<br><\/li>\n\n\n\n<li>Acceso a datos actualizados para mejorar pol\u00edticas y pr\u00e1cticas.<br><\/li>\n<\/ul>\n\n\n\n<p><strong>3. Acompa\u00f1amiento Personalizado (Andrea Massei e In\u00e9s Rizo)<\/strong><\/p>\n\n\n\n<ul class=\"wp-block-list\">\n<li>Impulso estatal a un voluntariado profesional con incentivos fiscales.<br><\/li>\n\n\n\n<li>Creaci\u00f3n de una base nacional de mentores (virtual y presencial).<br><\/li>\n\n\n\n<li>Financiamiento p\u00fablico\/privado de programas de mentor\u00eda.<br><\/li>\n\n\n\n<li>Resignificar espacios de orientaci\u00f3n vocacional y laboral seg\u00fan realidades territoriales.<br><\/li>\n<\/ul>\n\n\n\n<p><strong>4. Trayectorias Formativas Contextualizadas (Constanza Alferez y Loreley Dure)<\/strong><\/p>\n\n\n\n<ul class=\"wp-block-list\">\n<li>Mapeo exhaustivo de actores (empresas, gobiernos, escuelas, OSC, universidades).<br><\/li>\n\n\n\n<li>Inclusi\u00f3n de OSC como nexos entre educaci\u00f3n, mundo laboral y gobiernos.<br><\/li>\n\n\n\n<li>Incorporaci\u00f3n de habilidades blandas y pr\u00e1cticas laborales desde nivel inicial.<br><\/li>\n\n\n\n<li>Formaci\u00f3n docente continua para actualizarse seg\u00fan cambios del mercado laboral.<br><\/li>\n<\/ul>\n\n\n\n<p><strong>5. Habilidades Blandas (Luz Avruj y Fernanda Malnis)<\/strong><\/p>\n\n\n\n<ul class=\"wp-block-list\">\n<li>Involucramiento de familias en el desarrollo de habilidades blandas.<br><\/li>\n\n\n\n<li>Acompa\u00f1amiento socioemocional a docentes en su propio desarrollo.<br><\/li>\n\n\n\n<li>Generar oportunidades pr\u00e1cticas (pasant\u00edas, proyectos, ABP) para aplicar habilidades.<br><\/li>\n\n\n\n<li>Evaluaci\u00f3n espec\u00edfica de habilidades blandas.<br><\/li>\n\n\n\n<li>Revalorizar rutinas como h\u00e1bito formativo desde la infancia.<br><\/li>\n<\/ul>\n\n\n\n<h3 class=\"wp-block-heading\"><strong>Otros aportes<\/strong><\/h3>\n\n\n\n<ul class=\"wp-block-list\">\n<li>Programa <em>Socios<\/em> (JA): experiencias pr\u00e1cticas con profesionales en 20 provincias.<br><\/li>\n\n\n\n<li>Referencias a informes UNESCO, ONU y Papa Francisco sobre educaci\u00f3n como bien com\u00fan y aprendizaje permanente.<br><\/li>\n\n\n\n<li>Revalorizaci\u00f3n del rol de OSC como nexos y articuladores.<br><\/li>\n<\/ul>\n\n\n\n<h3 class=\"wp-block-heading\"><strong>Metodolog\u00eda y din\u00e1mica de la mesa<\/strong><\/h3>\n\n\n\n<ul class=\"wp-block-list\">\n<li>Trabajo en 5 salas tem\u00e1ticas con rotaci\u00f3n de participantes.<br><\/li>\n\n\n\n<li>Cada sala defini\u00f3 recomendaciones priorizadas (top 3).<br><\/li>\n\n\n\n<li>Uso de Mural, encuestas y documentos compartidos.<br><\/li>\n\n\n\n<li>Participaron 78 personas (de 186 inscripciones)<br><\/li>\n<\/ul>\n\n\n\n<h3 class=\"wp-block-heading\"><strong>Extras<\/strong><\/h3>\n\n\n\n<ul class=\"wp-block-list\">\n<li>Se present\u00f3 un mapeo abierto de iniciativas educativas.<br><\/li>\n\n\n\n<li>Se propuso dar continuidad a la mesa como espacio permanente.<br><\/li>\n<\/ul>\n\n\n\n<h2 class=\"wp-block-heading\"><strong>Resumen breve&nbsp;<\/strong><\/h2>\n\n\n\n<p>La mesa analiz\u00f3 la brecha entre formaci\u00f3n e inserci\u00f3n laboral de j\u00f3venes, destacando la falta de desarrollo de habilidades blandas y la desarticulaci\u00f3n de los planes de estudio con demandas reales. Desde las salas surgieron recomendaciones concretas: acompa\u00f1amiento personalizado, trayectorias formativas contextualizadas, formaci\u00f3n docente continua, evaluaci\u00f3n de habilidades blandas y la creaci\u00f3n de espacios intersectoriales sostenibles.<\/p>\n","protected":false},"excerpt":{"rendered":"<p>Presentamos el resumen de la Mesa: Mesa de Educaci\u00f3n Participantes principales Coordinaci\u00f3n: Luciana PalacioParticipantes:&nbsp; Mariana Corti, Laura Palazzo, Camila Tri\u00f1anes Perretta, Ver\u00f3nica Mar\u00eda del Huerto Reyes, Andrea Massei, In\u00e9s Rizo, Constanza Alferez, Loreley Dure, Laura Donati, Ver\u00f3nica Figueroa, Luz Avruj y Fernanda Malnis. Estado de situaci\u00f3n (diagn\u00f3stico y contexto) Pol\u00edticas p\u00fablicas propuestas (s\u00edntesis) Recomendaciones finales de las salas (Top 3 por eje tem\u00e1tico) 1. Mesa Intersectorial (Laura Donati) 2. Formaci\u00f3n Docente Continua (Ver\u00f3nica Figueroa) 3. Acompa\u00f1amiento Personalizado (Andrea Massei e In\u00e9s Rizo) 4. Trayectorias Formativas Contextualizadas (Constanza Alferez y Loreley Dure) 5. Habilidades Blandas (Luz Avruj y Fernanda Malnis) Otros aportes Metodolog\u00eda y din\u00e1mica de la mesa Extras Resumen breve&nbsp; La mesa analiz\u00f3 la brecha entre formaci\u00f3n e inserci\u00f3n laboral de j\u00f3venes, destacando la falta de desarrollo de habilidades blandas y la desarticulaci\u00f3n de los planes de estudio con demandas reales. Desde las salas surgieron recomendaciones concretas: acompa\u00f1amiento personalizado, trayectorias formativas contextualizadas, formaci\u00f3n docente continua, evaluaci\u00f3n de habilidades blandas y la creaci\u00f3n de espacios intersectoriales sostenibles.<\/p>\n","protected":false},"author":2,"featured_media":848,"comment_status":"open","ping_status":"open","sticky":false,"template":"","format":"standard","meta":{"footnotes":""},"categories":[7],"tags":[],"class_list":["post-847","post","type-post","status-publish","format-standard","has-post-thumbnail","hentry","category-noticias"],"_links":{"self":[{"href":"https:\/\/sociedadcivilenred.org.ar\/index.php\/wp-json\/wp\/v2\/posts\/847","targetHints":{"allow":["GET"]}}],"collection":[{"href":"https:\/\/sociedadcivilenred.org.ar\/index.php\/wp-json\/wp\/v2\/posts"}],"about":[{"href":"https:\/\/sociedadcivilenred.org.ar\/index.php\/wp-json\/wp\/v2\/types\/post"}],"author":[{"embeddable":true,"href":"https:\/\/sociedadcivilenred.org.ar\/index.php\/wp-json\/wp\/v2\/users\/2"}],"replies":[{"embeddable":true,"href":"https:\/\/sociedadcivilenred.org.ar\/index.php\/wp-json\/wp\/v2\/comments?post=847"}],"version-history":[{"count":1,"href":"https:\/\/sociedadcivilenred.org.ar\/index.php\/wp-json\/wp\/v2\/posts\/847\/revisions"}],"predecessor-version":[{"id":849,"href":"https:\/\/sociedadcivilenred.org.ar\/index.php\/wp-json\/wp\/v2\/posts\/847\/revisions\/849"}],"wp:featuredmedia":[{"embeddable":true,"href":"https:\/\/sociedadcivilenred.org.ar\/index.php\/wp-json\/wp\/v2\/media\/848"}],"wp:attachment":[{"href":"https:\/\/sociedadcivilenred.org.ar\/index.php\/wp-json\/wp\/v2\/media?parent=847"}],"wp:term":[{"taxonomy":"category","embeddable":true,"href":"https:\/\/sociedadcivilenred.org.ar\/index.php\/wp-json\/wp\/v2\/categories?post=847"},{"taxonomy":"post_tag","embeddable":true,"href":"https:\/\/sociedadcivilenred.org.ar\/index.php\/wp-json\/wp\/v2\/tags?post=847"}],"curies":[{"name":"wp","href":"https:\/\/api.w.org\/{rel}","templated":true}]}}