{"id":850,"date":"2025-09-24T15:22:58","date_gmt":"2025-09-24T13:22:58","guid":{"rendered":"https:\/\/sociedadcivilenred.org.ar\/?p=850"},"modified":"2025-09-24T15:23:34","modified_gmt":"2025-09-24T13:23:34","slug":"congreso-nacional-de-organizaciones-de-la-sociedad-civil-resumen-mesa-juventudes","status":"publish","type":"post","link":"https:\/\/sociedadcivilenred.org.ar\/index.php\/2025\/09\/24\/congreso-nacional-de-organizaciones-de-la-sociedad-civil-resumen-mesa-juventudes\/","title":{"rendered":"Congreso Nacional de Organizaciones de la Sociedad Civil- Resumen Mesa Juventudes"},"content":{"rendered":"\n<p>Presentamos el resumen de la Mesa <\/p>\n\n\n\n<h1 class=\"wp-block-heading\"><strong>Mesa Juventudes<\/strong><\/h1>\n\n\n\n<h3 class=\"wp-block-heading\"><strong>Participantes principales<\/strong><\/h3>\n\n\n\n<p>Coordinaci\u00f3n: Rolando Candel (Red Encuentro).<br>Aportes destacados (personas invitadas, participantes):<\/p>\n\n\n\n<ul class=\"wp-block-list\">\n<li>Teresa Casal\u00e1 (Fundaci\u00f3n Otras Voces, Neuqu\u00e9n).<br><\/li>\n\n\n\n<li>Mario Bustamante (CPES, Chaco).<br><\/li>\n\n\n\n<li>Intervenciones de Adriana, Miriam, Alejandro, Nahuel, Ana Calegari y Calista, entre otras voces de juventudes y organizaciones.<br><\/li>\n<\/ul>\n\n\n\n<h3 class=\"wp-block-heading\"><strong>Estado de situaci\u00f3n (diagn\u00f3stico y contexto)<\/strong><\/h3>\n\n\n\n<ul class=\"wp-block-list\">\n<li>Salud mental como una de las principales preocupaciones juveniles.<br><\/li>\n\n\n\n<li>Alta deserci\u00f3n escolar en nivel medio, con causas ligadas a trabajo precoz, problemas familiares, discriminaci\u00f3n, bullying, falta de conectividad y desmotivaci\u00f3n.<br><\/li>\n\n\n\n<li>Precarizaci\u00f3n laboral juvenil, tanto en el sector p\u00fablico (contratos, becas, jornalizados) como en el privado (trabajo en plataformas, empleo informal).<br><\/li>\n\n\n\n<li>Falta de horizontes y aspiraciones claras entre j\u00f3venes, con fuerte peso de lo inmediato y lo digital (redes sociales, modelos aspiracionales en Instagram, econom\u00eda de plataformas y criptomercados).<br><\/li>\n\n\n\n<li>Desconfianza hacia pol\u00edticas p\u00fablicas inestables y discontinuas; necesidad de procesos sostenidos.<br><\/li>\n<\/ul>\n\n\n\n<h3 class=\"wp-block-heading\"><strong>Pol\u00edticas p\u00fablicas propuestas<\/strong><\/h3>\n\n\n\n<ul class=\"wp-block-list\">\n<li>Garantizar <strong>acceso, permanencia y terminalidad educativa<\/strong>, con pol\u00edticas de acompa\u00f1amiento, becas, apoyos econ\u00f3micos y modalidades flexibles para madres j\u00f3venes, estudiantes trabajadores y zonas rurales.<br><\/li>\n\n\n\n<li>Cumplimiento efectivo y federal de la <strong>Educaci\u00f3n Sexual Integral<\/strong> y transversalizaci\u00f3n de g\u00e9nero y diversidad en las curr\u00edculas.<br><\/li>\n\n\n\n<li>Fortalecimiento y financiamiento de <strong>centros de estudiantes<\/strong> y consejos juveniles con incidencia real en pol\u00edticas educativas y sociales.<br><\/li>\n\n\n\n<li>Programas nacionales y provinciales de <strong>salud mental juvenil<\/strong>, con prevenci\u00f3n del suicidio, equipos interdisciplinarios en escuelas y dispositivos comunitarios de contenci\u00f3n.<br><\/li>\n\n\n\n<li>Regulaci\u00f3n del <strong>trabajo en plataformas digitales<\/strong> para garantizar derechos laborales (obra social, vacaciones, aportes).<br><\/li>\n\n\n\n<li>Reconocimiento y apoyo a experiencias de <strong>cooperativismo juvenil<\/strong> y emprendimientos productivos y culturales.<br><\/li>\n\n\n\n<li>Promoci\u00f3n de <strong>formaci\u00f3n pol\u00edtica y ciudadana<\/strong> con espacios intergeneracionales y de participaci\u00f3n juvenil real.<br><\/li>\n\n\n\n<li>Programas de <strong>educaci\u00f3n y acceso digital<\/strong> que reduzcan la brecha tecnol\u00f3gica, con capacitaci\u00f3n cr\u00edtica sobre redes y prevenci\u00f3n de violencias digitales.<br><\/li>\n\n\n\n<li>Pol\u00edticas de <strong>h\u00e1bitat y vivienda juvenil<\/strong>, incluyendo cr\u00e9ditos accesibles, alquiler social regulado y apoyo a cooperativas de vivienda.<br><\/li>\n\n\n\n<li>Incorporaci\u00f3n de juventudes en la <strong>agenda ambiental<\/strong>, con consejos ambientales juveniles, capacitaci\u00f3n en econom\u00eda verde y apoyo a proyectos de producci\u00f3n sustentable.<br><\/li>\n<\/ul>\n\n\n\n<h3 class=\"wp-block-heading\"><strong>Otros aportes<\/strong><\/h3>\n\n\n\n<ul class=\"wp-block-list\">\n<li>Experiencia de Fundaci\u00f3n Otras Voces en Neuqu\u00e9n: articulaci\u00f3n sociedad civil\u2013Estado para crear escuelas, gestionar programas nacionales (Fines, Puentes, Volv\u00e9 a la escuela) y acompa\u00f1ar trayectorias educativas interrumpidas.<br><\/li>\n\n\n\n<li>Experiencia de CPES en Chaco: sindicalismo juvenil, diagn\u00f3stico del mercado laboral y experiencias cooperativas (motomandados, cartoneros, trabajo rural).<br><\/li>\n\n\n\n<li>Intervenciones sobre bullying y salud mental (Adriana), redes sociales como espacio aspiracional (Nahuel, Adriana), necesidad de regulaci\u00f3n legislativa de plataformas (Alejandro).<br><\/li>\n\n\n\n<li>Reconocimiento a las juventudes como <strong>protagonistas de sus propios procesos<\/strong>, con adultos como facilitadores.<br><\/li>\n\n\n\n<li>Documento base con diagn\u00f3stico y propuestas consensuadas, compartido y enriquecido durante la sesi\u00f3n.<br><\/li>\n\n\n\n<li>Se acord\u00f3 continuar la mesa m\u00e1s all\u00e1 del Congreso como espacio abierto y de incidencia.<br><\/li>\n\n\n\n<li>Se remarc\u00f3 la importancia de articular sociedad civil, sindicatos y juventudes.<br><\/li>\n<\/ul>\n\n\n\n<h3 class=\"wp-block-heading\"><strong>Metodolog\u00eda y din\u00e1mica de la mesa<\/strong><\/h3>\n\n\n\n<ul class=\"wp-block-list\">\n<li>Exposiciones iniciales (Teresa Casal\u00e1 y Mario Bustamante).<br><\/li>\n\n\n\n<li>Espacios de di\u00e1logo abierto con intervenciones de organizaciones y j\u00f3venes.<br><\/li>\n\n\n\n<li>Lectura colectiva de documento de propuestas y trabajo en subgrupos tem\u00e1ticos (educaci\u00f3n, salud, participaci\u00f3n, trabajo, etc.).<br><\/li>\n\n\n\n<li>Cierre en plenario con devoluci\u00f3n de grupos.<br><\/li>\n<\/ul>\n\n\n\n<p><strong>Resumen breve&nbsp;<\/strong><\/p>\n\n\n\n<p>La mesa abord\u00f3 preocupaciones centrales de las juventudes como salud mental, deserci\u00f3n escolar y precarizaci\u00f3n laboral. Se propuso garantizar acceso y permanencia educativa, fortalecer centros de estudiantes, regular el trabajo en plataformas, impulsar programas de salud mental juvenil y promover participaci\u00f3n pol\u00edtica, digital y ambiental con protagonismo juvenil real.<\/p>\n","protected":false},"excerpt":{"rendered":"<p>Presentamos el resumen de la Mesa Mesa Juventudes Participantes principales Coordinaci\u00f3n: Rolando Candel (Red Encuentro).Aportes destacados (personas invitadas, participantes): Estado de situaci\u00f3n (diagn\u00f3stico y contexto) Pol\u00edticas p\u00fablicas propuestas Otros aportes Metodolog\u00eda y din\u00e1mica de la mesa Resumen breve&nbsp; La mesa abord\u00f3 preocupaciones centrales de las juventudes como salud mental, deserci\u00f3n escolar y precarizaci\u00f3n laboral. Se propuso garantizar acceso y permanencia educativa, fortalecer centros de estudiantes, regular el trabajo en plataformas, impulsar programas de salud mental juvenil y promover participaci\u00f3n pol\u00edtica, digital y ambiental con protagonismo juvenil real.<\/p>\n","protected":false},"author":2,"featured_media":851,"comment_status":"open","ping_status":"open","sticky":false,"template":"","format":"standard","meta":{"footnotes":""},"categories":[7],"tags":[],"class_list":["post-850","post","type-post","status-publish","format-standard","has-post-thumbnail","hentry","category-noticias"],"_links":{"self":[{"href":"https:\/\/sociedadcivilenred.org.ar\/index.php\/wp-json\/wp\/v2\/posts\/850","targetHints":{"allow":["GET"]}}],"collection":[{"href":"https:\/\/sociedadcivilenred.org.ar\/index.php\/wp-json\/wp\/v2\/posts"}],"about":[{"href":"https:\/\/sociedadcivilenred.org.ar\/index.php\/wp-json\/wp\/v2\/types\/post"}],"author":[{"embeddable":true,"href":"https:\/\/sociedadcivilenred.org.ar\/index.php\/wp-json\/wp\/v2\/users\/2"}],"replies":[{"embeddable":true,"href":"https:\/\/sociedadcivilenred.org.ar\/index.php\/wp-json\/wp\/v2\/comments?post=850"}],"version-history":[{"count":1,"href":"https:\/\/sociedadcivilenred.org.ar\/index.php\/wp-json\/wp\/v2\/posts\/850\/revisions"}],"predecessor-version":[{"id":852,"href":"https:\/\/sociedadcivilenred.org.ar\/index.php\/wp-json\/wp\/v2\/posts\/850\/revisions\/852"}],"wp:featuredmedia":[{"embeddable":true,"href":"https:\/\/sociedadcivilenred.org.ar\/index.php\/wp-json\/wp\/v2\/media\/851"}],"wp:attachment":[{"href":"https:\/\/sociedadcivilenred.org.ar\/index.php\/wp-json\/wp\/v2\/media?parent=850"}],"wp:term":[{"taxonomy":"category","embeddable":true,"href":"https:\/\/sociedadcivilenred.org.ar\/index.php\/wp-json\/wp\/v2\/categories?post=850"},{"taxonomy":"post_tag","embeddable":true,"href":"https:\/\/sociedadcivilenred.org.ar\/index.php\/wp-json\/wp\/v2\/tags?post=850"}],"curies":[{"name":"wp","href":"https:\/\/api.w.org\/{rel}","templated":true}]}}