{"id":853,"date":"2025-09-24T15:37:26","date_gmt":"2025-09-24T13:37:26","guid":{"rendered":"https:\/\/sociedadcivilenred.org.ar\/?p=853"},"modified":"2025-09-24T15:41:37","modified_gmt":"2025-09-24T13:41:37","slug":"congreso-nacional-de-organizaciones-de-la-sociedad-civil-resumen-mesa-salud","status":"publish","type":"post","link":"https:\/\/sociedadcivilenred.org.ar\/index.php\/2025\/09\/24\/congreso-nacional-de-organizaciones-de-la-sociedad-civil-resumen-mesa-salud\/","title":{"rendered":"Congreso Nacional de Organizaciones de la Sociedad Civil- Resumen Mesa Salud"},"content":{"rendered":"\n<p>Presentamos el resumen de la Mesa <\/p>\n\n\n\n<h1 class=\"wp-block-heading\"><strong>Mesa Salud<\/strong><\/h1>\n\n\n\n<h3 class=\"wp-block-heading\"><strong>Participantes principales<\/strong><strong><br><\/strong><strong><br><\/strong><strong>Ponentes: <\/strong><strong><br><\/strong><strong><br><\/strong>&#8211; Karina Elmir y Elena Perich<\/h3>\n\n\n\n<p><strong>Aportes destacados (personas invitadas, participantes):<\/strong><\/p>\n\n\n\n<ul class=\"wp-block-list\">\n<li>Mariel Mart\u00edn (Sanatorio Brit\u00e1nico de Rosario).<br><\/li>\n\n\n\n<li>Mat\u00edas Dellachiesa (Hospital Brit\u00e1nico de Buenos Aires).<br><\/li>\n\n\n\n<li>Participaciones desde el chat y en salas tem\u00e1ticas.<br><\/li>\n<\/ul>\n\n\n\n<h3 class=\"wp-block-heading\"><strong>Estado de situaci\u00f3n (diagn\u00f3stico y contexto)<\/strong><\/h3>\n\n\n\n<ul class=\"wp-block-list\">\n<li>Desigualdad en el acceso al sistema de salud, con barreras econ\u00f3micas, educativas y territoriales.<br><\/li>\n\n\n\n<li>Desinformaci\u00f3n y desconocimiento de derechos de pacientes y familias.<br><\/li>\n\n\n\n<li>Problemas en la comunicaci\u00f3n m\u00e9dico\u2013paciente y en la comprensi\u00f3n de consentimientos informados.<br><\/li>\n\n\n\n<li>Exceso de tecnificaci\u00f3n y falta de atenci\u00f3n humanizada.<br><\/li>\n\n\n\n<li>D\u00e9ficits en prevenci\u00f3n sostenida, salud mental, cuidados paliativos y salud bucal.<br><\/li>\n<\/ul>\n\n\n\n<h3 class=\"wp-block-heading\"><strong>Pol\u00edticas p\u00fablicas propuestas<\/strong><\/h3>\n\n\n\n<ul class=\"wp-block-list\">\n<li>Campa\u00f1as claras y accesibles sobre derechos y responsabilidades de pacientes.<br><\/li>\n\n\n\n<li>Espacios de participaci\u00f3n activa de pacientes y familias en decisiones de atenci\u00f3n.<br><\/li>\n\n\n\n<li>Ampliaci\u00f3n de la inversi\u00f3n en salud p\u00fablica, medicamentos accesibles y reducci\u00f3n de tiempos de espera.<br><\/li>\n\n\n\n<li>Capacitaci\u00f3n en comunicaci\u00f3n para equipos de salud y pol\u00edticas de atenci\u00f3n humanizada.<br><\/li>\n\n\n\n<li>Prevenci\u00f3n y educaci\u00f3n comunitaria en salud integral, con \u00e9nfasis en salud mental, bucal y cuidados paliativos.<br><\/li>\n<\/ul>\n\n\n\n<h3 class=\"wp-block-heading\"><strong>Otros aportes<\/strong><\/h3>\n\n\n\n<ul class=\"wp-block-list\">\n<li>Se destac\u00f3 la importancia de implementar un modelo integral de seguridad del paciente, con protocolos claros, capacitaci\u00f3n constante de los equipos, reportes de incidentes y la inclusi\u00f3n de pacientes y familias en el proceso de atenci\u00f3n.<br><\/li>\n\n\n\n<li>Se plante\u00f3 la necesidad del codise\u00f1o en salud, involucrando a pacientes y comit\u00e9s de pacientes en las decisiones, lo que permite reducir errores, mejorar la adherencia a tratamientos y humanizar la atenci\u00f3n.<br><\/li>\n\n\n\n<li>Se se\u00f1al\u00f3 la desigualdad estructural del sistema de salud, con barreras econ\u00f3micas, educativas y territoriales que afectan el acceso equitativo, y la necesidad de fortalecer la inversi\u00f3n en el sistema p\u00fablico.<br><\/li>\n\n\n\n<li>Se resalt\u00f3 la falta de informaci\u00f3n accesible para pacientes y familias, especialmente en consentimientos informados y documentaci\u00f3n m\u00e9dica, y la necesidad de que los derechos en salud se comuniquen de manera clara y comprensible.<br><\/li>\n\n\n\n<li>Se plante\u00f3 la necesidad de dar continuidad a la mesa como espacio de incidencia.<br><\/li>\n<\/ul>\n\n\n\n<h3 class=\"wp-block-heading\"><strong>Metodolog\u00eda y din\u00e1mica de la mesa<\/strong><\/h3>\n\n\n\n<ul class=\"wp-block-list\">\n<li>Exposiciones iniciales de referentes invitados.<br><\/li>\n\n\n\n<li>Trabajo en salas tem\u00e1ticas con diagn\u00f3stico compartido y propuestas priorizadas.<br><\/li>\n\n\n\n<li>Intercambio en plenaria y chat.<br><\/li>\n\n\n\n<li>Participaron 46 personas de 106 inscripciones.<br><\/li>\n<\/ul>\n\n\n\n<h2 class=\"wp-block-heading\"><strong>Resumen breve&nbsp;<\/strong><\/h2>\n\n\n\n<p>La mesa se\u00f1al\u00f3 desigualdades en el acceso a la salud, desinformaci\u00f3n de pacientes y falta de atenci\u00f3n humanizada. Se propuso fortalecer campa\u00f1as de informaci\u00f3n, ampliar la inversi\u00f3n p\u00fablica, promover la participaci\u00f3n de pacientes y familias y priorizar la prevenci\u00f3n y la educaci\u00f3n comunitaria en salud integral.<\/p>\n","protected":false},"excerpt":{"rendered":"<p>Presentamos el resumen de la Mesa Mesa Salud Participantes principalesPonentes: &#8211; Karina Elmir y Elena Perich Aportes destacados (personas invitadas, participantes): Estado de situaci\u00f3n (diagn\u00f3stico y contexto) Pol\u00edticas p\u00fablicas propuestas Otros aportes Metodolog\u00eda y din\u00e1mica de la mesa Resumen breve&nbsp; La mesa se\u00f1al\u00f3 desigualdades en el acceso a la salud, desinformaci\u00f3n de pacientes y falta de atenci\u00f3n humanizada. Se propuso fortalecer campa\u00f1as de informaci\u00f3n, ampliar la inversi\u00f3n p\u00fablica, promover la participaci\u00f3n de pacientes y familias y priorizar la prevenci\u00f3n y la educaci\u00f3n comunitaria en salud integral.<\/p>\n","protected":false},"author":2,"featured_media":854,"comment_status":"open","ping_status":"open","sticky":false,"template":"","format":"standard","meta":{"footnotes":""},"categories":[7],"tags":[],"class_list":["post-853","post","type-post","status-publish","format-standard","has-post-thumbnail","hentry","category-noticias"],"_links":{"self":[{"href":"https:\/\/sociedadcivilenred.org.ar\/index.php\/wp-json\/wp\/v2\/posts\/853","targetHints":{"allow":["GET"]}}],"collection":[{"href":"https:\/\/sociedadcivilenred.org.ar\/index.php\/wp-json\/wp\/v2\/posts"}],"about":[{"href":"https:\/\/sociedadcivilenred.org.ar\/index.php\/wp-json\/wp\/v2\/types\/post"}],"author":[{"embeddable":true,"href":"https:\/\/sociedadcivilenred.org.ar\/index.php\/wp-json\/wp\/v2\/users\/2"}],"replies":[{"embeddable":true,"href":"https:\/\/sociedadcivilenred.org.ar\/index.php\/wp-json\/wp\/v2\/comments?post=853"}],"version-history":[{"count":1,"href":"https:\/\/sociedadcivilenred.org.ar\/index.php\/wp-json\/wp\/v2\/posts\/853\/revisions"}],"predecessor-version":[{"id":855,"href":"https:\/\/sociedadcivilenred.org.ar\/index.php\/wp-json\/wp\/v2\/posts\/853\/revisions\/855"}],"wp:featuredmedia":[{"embeddable":true,"href":"https:\/\/sociedadcivilenred.org.ar\/index.php\/wp-json\/wp\/v2\/media\/854"}],"wp:attachment":[{"href":"https:\/\/sociedadcivilenred.org.ar\/index.php\/wp-json\/wp\/v2\/media?parent=853"}],"wp:term":[{"taxonomy":"category","embeddable":true,"href":"https:\/\/sociedadcivilenred.org.ar\/index.php\/wp-json\/wp\/v2\/categories?post=853"},{"taxonomy":"post_tag","embeddable":true,"href":"https:\/\/sociedadcivilenred.org.ar\/index.php\/wp-json\/wp\/v2\/tags?post=853"}],"curies":[{"name":"wp","href":"https:\/\/api.w.org\/{rel}","templated":true}]}}