{"id":860,"date":"2025-09-24T15:46:15","date_gmt":"2025-09-24T13:46:15","guid":{"rendered":"https:\/\/sociedadcivilenred.org.ar\/?p=860"},"modified":"2025-09-24T15:46:20","modified_gmt":"2025-09-24T13:46:20","slug":"congreso-nacional-de-organizaciones-de-la-sociedad-civil-resumen-mesa-sostenibilidad-ambiental","status":"publish","type":"post","link":"https:\/\/sociedadcivilenred.org.ar\/index.php\/2025\/09\/24\/congreso-nacional-de-organizaciones-de-la-sociedad-civil-resumen-mesa-sostenibilidad-ambiental\/","title":{"rendered":"Congreso Nacional de Organizaciones de la Sociedad Civil- Resumen Mesa Sostenibilidad Ambiental"},"content":{"rendered":"\n<p>Presentamos el resumen de la Mesa <\/p>\n\n\n\n<h1 class=\"wp-block-heading\"><strong>Mesa de Sostenibilidad Ambiental<\/strong><\/h1>\n\n\n\n<h3 class=\"wp-block-heading\"><strong>Participantes principales<\/strong><\/h3>\n\n\n\n<p>Coordinaci\u00f3n: Milena Giachi, Carolina Lazzaroni y Maximiliano Factorovic (Wingu).<br>Aportes destacados de participantes:: M\u00f3nica Avero (experiencia en Paran\u00e1 sobre contenci\u00f3n de residuos en arroyos), Francisco Mantilaro (planes provinciales de acci\u00f3n clim\u00e1tica en Patagonia), Guadalupe Heredia (Fundaci\u00f3n Vicentina, mirada federal y g\u00e9nero), Gabriela Castagnet (ONG Nuevo Ambiente, La Plata), Susi Formichelli (educaci\u00f3n ambiental y rol de recicladores), Natalia Colautti (desmonte en C\u00f3rdoba, cruce arte-cultura-ambiente).<\/p>\n\n\n\n<h3 class=\"wp-block-heading\"><strong>Estado de situaci\u00f3n (diagn\u00f3stico y contexto)<\/strong><\/h3>\n\n\n\n<ul class=\"wp-block-list\">\n<li>Preocupaci\u00f3n por el <strong>manejo de residuos s\u00f3lidos urbanos<\/strong>, basurales a cielo abierto y contaminaci\u00f3n de r\u00edos y arroyos.<br><\/li>\n\n\n\n<li>Desigualdad territorial: fuerte concentraci\u00f3n en Buenos Aires, necesidad de incluir visiones federales (Patagonia, C\u00f3rdoba, Santa Fe).<br><\/li>\n\n\n\n<li><strong>D\u00e9bil cumplimiento de normativas<\/strong> (ley de ordenamiento territorial en C\u00f3rdoba, falta de plantas de tratamiento en La Plata, avance inmobiliario).<br><\/li>\n\n\n\n<li><strong>Falta de pol\u00edticas de educaci\u00f3n ambiental<\/strong> sostenidas y accesibles para organizaciones peque\u00f1as.<br><\/li>\n\n\n\n<li>Desaf\u00edos de articulaci\u00f3n con el Estado, especialmente a nivel local.<br><\/li>\n<\/ul>\n\n\n\n<h3 class=\"wp-block-heading\"><strong>Pol\u00edticas p\u00fablicas propuestas<\/strong><\/h3>\n\n\n\n<ul class=\"wp-block-list\">\n<li>Reforzar la aplicaci\u00f3n de <strong>marcos normativos existentes<\/strong> (Acuerdo de Escaz\u00fa, leyes de ordenamiento territorial, planes de cambio clim\u00e1tico provinciales).<br><\/li>\n\n\n\n<li>Crear <strong>incentivos claros a empresas<\/strong> para reducir huella de carbono y promover econom\u00eda circular.<br><\/li>\n\n\n\n<li>Impulsar <strong>programas de educaci\u00f3n ambiental<\/strong> desde edades tempranas y en comunidades, con \u00e9nfasis en barrios populares.<br><\/li>\n\n\n\n<li>Reconocer y fortalecer el <strong>rol de recicladores y promotores ambientales comunitarios<\/strong>, con apoyo estatal y de universidades.<br><\/li>\n\n\n\n<li>Integrar <strong>arte y cultura<\/strong> como herramientas de sensibilizaci\u00f3n y transformaci\u00f3n en la agenda ambiental.<br><\/li>\n<\/ul>\n\n\n\n<h3 class=\"wp-block-heading\"><strong>Otros aportes<\/strong><\/h3>\n\n\n\n<ul class=\"wp-block-list\">\n<li>Experiencia de Paran\u00e1: instalaci\u00f3n de mallas de contenci\u00f3n en arroyos para retener residuos antes de llegar al r\u00edo.<br><\/li>\n\n\n\n<li>Fundaci\u00f3n Vicentina: importancia de la perspectiva de g\u00e9nero y generaci\u00f3n de empleo en el tratamiento de alimentos.<br><\/li>\n\n\n\n<li>Nuevo Ambiente: dificultad de articular con gobiernos locales aun con marcos legales vigentes.<br><\/li>\n\n\n\n<li>Experiencia personal y familiar (almac\u00e9n sustentable en Santa Fe) como disparador de cambios de h\u00e1bitos en consumo.<br><\/li>\n<\/ul>\n\n\n\n<h3 class=\"wp-block-heading\"><strong>Metodolog\u00eda y din\u00e1mica de la mesa<\/strong><\/h3>\n\n\n\n<ul class=\"wp-block-list\">\n<li>Trabajo participativo con documento compartido y chat abierto.<\/li>\n\n\n\n<li>Intercambio de experiencias territoriales diversas.<\/li>\n\n\n\n<li>Se prioriz\u00f3 la construcci\u00f3n colectiva de un documento con propuestas concretas.<\/li>\n\n\n\n<li>Nivel alto de participaci\u00f3n: intervenciones extensas y nutridas desde distintos lugares del pa\u00eds.<\/li>\n\n\n\n<li>Participaron 26 personas en la sesi\u00f3n (de 68 inscriptas). La participaci\u00f3n se sostuvo durante toda la sesi\u00f3n. El chat tuvo 139 mensajes de 21 personas.<br><\/li>\n<\/ul>\n\n\n\n<h3 class=\"wp-block-heading\"><strong>Extras<\/strong><\/h3>\n\n\n\n<ul class=\"wp-block-list\">\n<li>Surgi\u00f3 la idea de crear un <strong>grupo de WhatsApp<\/strong> para dar continuidad a la articulaci\u00f3n.<br><\/li>\n\n\n\n<li>Se plante\u00f3 que la mesa contin\u00fae abierta m\u00e1s all\u00e1 del Congreso, como espacio vivo.<br><\/li>\n<\/ul>\n\n\n\n<hr class=\"wp-block-separator has-alpha-channel-opacity\" \/>\n\n\n\n<h2 class=\"wp-block-heading\"><strong>Resumen breve&nbsp;<\/strong><\/h2>\n\n\n\n<p>La mesa identific\u00f3 graves problemas de gesti\u00f3n de residuos, contaminaci\u00f3n h\u00eddrica y desmonte, as\u00ed como la falta de pol\u00edticas p\u00fablicas sostenidas en educaci\u00f3n ambiental y control territorial. Se propusieron como l\u00edneas centrales el fortalecimiento de marcos normativos (Escaz\u00fa, ordenamiento territorial, planes clim\u00e1ticos), la creaci\u00f3n de incentivos a empresas, y el reconocimiento del rol de recicladores y promotores ambientales comunitarios.<\/p>\n","protected":false},"excerpt":{"rendered":"<p>Presentamos el resumen de la Mesa Mesa de Sostenibilidad Ambiental Participantes principales Coordinaci\u00f3n: Milena Giachi, Carolina Lazzaroni y Maximiliano Factorovic (Wingu).Aportes destacados de participantes:: M\u00f3nica Avero (experiencia en Paran\u00e1 sobre contenci\u00f3n de residuos en arroyos), Francisco Mantilaro (planes provinciales de acci\u00f3n clim\u00e1tica en Patagonia), Guadalupe Heredia (Fundaci\u00f3n Vicentina, mirada federal y g\u00e9nero), Gabriela Castagnet (ONG Nuevo Ambiente, La Plata), Susi Formichelli (educaci\u00f3n ambiental y rol de recicladores), Natalia Colautti (desmonte en C\u00f3rdoba, cruce arte-cultura-ambiente). Estado de situaci\u00f3n (diagn\u00f3stico y contexto) Pol\u00edticas p\u00fablicas propuestas Otros aportes Metodolog\u00eda y din\u00e1mica de la mesa Extras Resumen breve&nbsp; La mesa identific\u00f3 graves problemas de gesti\u00f3n de residuos, contaminaci\u00f3n h\u00eddrica y desmonte, as\u00ed como la falta de pol\u00edticas p\u00fablicas sostenidas en educaci\u00f3n ambiental y control territorial. Se propusieron como l\u00edneas centrales el fortalecimiento de marcos normativos (Escaz\u00fa, ordenamiento territorial, planes clim\u00e1ticos), la creaci\u00f3n de incentivos a empresas, y el reconocimiento del rol de recicladores y promotores ambientales comunitarios.<\/p>\n","protected":false},"author":2,"featured_media":861,"comment_status":"open","ping_status":"open","sticky":false,"template":"","format":"standard","meta":{"footnotes":""},"categories":[1],"tags":[],"class_list":["post-860","post","type-post","status-publish","format-standard","has-post-thumbnail","hentry","category-blog"],"_links":{"self":[{"href":"https:\/\/sociedadcivilenred.org.ar\/index.php\/wp-json\/wp\/v2\/posts\/860","targetHints":{"allow":["GET"]}}],"collection":[{"href":"https:\/\/sociedadcivilenred.org.ar\/index.php\/wp-json\/wp\/v2\/posts"}],"about":[{"href":"https:\/\/sociedadcivilenred.org.ar\/index.php\/wp-json\/wp\/v2\/types\/post"}],"author":[{"embeddable":true,"href":"https:\/\/sociedadcivilenred.org.ar\/index.php\/wp-json\/wp\/v2\/users\/2"}],"replies":[{"embeddable":true,"href":"https:\/\/sociedadcivilenred.org.ar\/index.php\/wp-json\/wp\/v2\/comments?post=860"}],"version-history":[{"count":1,"href":"https:\/\/sociedadcivilenred.org.ar\/index.php\/wp-json\/wp\/v2\/posts\/860\/revisions"}],"predecessor-version":[{"id":862,"href":"https:\/\/sociedadcivilenred.org.ar\/index.php\/wp-json\/wp\/v2\/posts\/860\/revisions\/862"}],"wp:featuredmedia":[{"embeddable":true,"href":"https:\/\/sociedadcivilenred.org.ar\/index.php\/wp-json\/wp\/v2\/media\/861"}],"wp:attachment":[{"href":"https:\/\/sociedadcivilenred.org.ar\/index.php\/wp-json\/wp\/v2\/media?parent=860"}],"wp:term":[{"taxonomy":"category","embeddable":true,"href":"https:\/\/sociedadcivilenred.org.ar\/index.php\/wp-json\/wp\/v2\/categories?post=860"},{"taxonomy":"post_tag","embeddable":true,"href":"https:\/\/sociedadcivilenred.org.ar\/index.php\/wp-json\/wp\/v2\/tags?post=860"}],"curies":[{"name":"wp","href":"https:\/\/api.w.org\/{rel}","templated":true}]}}