{"id":878,"date":"2025-11-25T17:15:16","date_gmt":"2025-11-25T16:15:16","guid":{"rendered":"https:\/\/sociedadcivilenred.org.ar\/?p=878"},"modified":"2025-11-25T17:27:22","modified_gmt":"2025-11-25T16:27:22","slug":"proyecto-de-cooperacion-alimentaria","status":"publish","type":"post","link":"https:\/\/sociedadcivilenred.org.ar\/index.php\/2025\/11\/25\/proyecto-de-cooperacion-alimentaria\/","title":{"rendered":"Proyecto de Cooperaci\u00f3n Alimentaria"},"content":{"rendered":"\n<p class=\"has-text-align-left\">Durante la segunda mitad de 2024 y la primera de 2025, Fundaci\u00f3n Multipolar, una orga-<br>nizaci\u00f3n de la Red Encuentro, tuvo la responsabilidad de impulsar el proyecto de \u201cCoope-<br>raci\u00f3n Alimentaria\u201d en clave de soberan\u00eda alimentaria, seguridad alimentaria y Econom\u00eda<br>Popular, Social y Solidaria.<br>Este proyecto, a su vez, form\u00f3 parte de una iniciativa mayor generada a partir de la articu-<br>laci\u00f3n de la \u201cSociedad Civil en Red\u201d, que cont\u00f3 con el financiamiento de la Uni\u00f3n Europea.<br>Uno de los prop\u00f3sitos del proyecto que coordinamos fue identificar organizaciones que en<br>sus pr\u00e1cticas permitieran el desarrollo de aprendizajes que fueran valiosos para otras que se<br>proponen trabajar en el mismo campo o con la misma intencionalidad.<br>En este marco, desde la coordinaci\u00f3n del proyecto invitamos a cuatro organizaciones de la<br>sociedad civil a sistematizar alguna de sus experiencias que resultaban m\u00e1s relevantes a los<br>fines del proyecto en cuesti\u00f3n.<br>Para ello, elegimos la metodolog\u00eda de los \u201cM\u00f3dulos Din\u00e1micos de Sistematizaci\u00f3n\u201d que nos<br>permiti\u00f3 realizar una experiencia de trabajo formativo y colectivo con la finalidad de poder<br>transmitir el conocimiento de las pr\u00e1cticas de cada organizaci\u00f3n.<br>El resultado de este trabajo se recopila en este documento que ofrece al lector una descrip-<br>ci\u00f3n detallada y profunda de lo realizado por cada organizaci\u00f3n.<br>Equipos de cada organizaci\u00f3n trabajaron en su escritura y luego realizamos un importante<br>intercambio para optimizar cada parte de este documento que aqu\u00ed presentamos.<br>A continuaci\u00f3n podr\u00e1n conocer las siguientes pr\u00e1cticas, llevadas adelante por cada una de<br>las respectivas organizaciones responsables de las mismas:<br>\u2022 El \u00c1rea de Producci\u00f3n Textil (Fundaci\u00f3n Multipolar)<br>\u2022 El Comedor Comunitario Chacra 103 de la ciudad de Posadas (FOVEFOMI)<br>\u2022 Los circuitos socio-econ\u00f3micos alimentarios como estrategias comerciales en la provin-<br>cia de C\u00f3rdoba (Comercializadora Monte Adentro)<br>\u2022 La metodolog\u00eda de intervenci\u00f3n del Programa \u201cUnir para la Soberan\u00eda Alimentaria\u201d, en<br>la provincia de Misiones (SEDI)<br>Compartimos el material completo:<a href=\"https:\/\/drive.google.com\/file\/d\/1Z3uUeo26myPenXhm-BEmJN7DBdgc-e5F\/view?usp=sharing\" data-type=\"link\" data-id=\"https:\/\/drive.google.com\/file\/d\/1Z3uUeo26myPenXhm-BEmJN7DBdgc-e5F\/view?usp=sharing\">https:\/\/drive.google.com\/file\/d\/1Z3uUeo26myPenXhm-BEmJN7DBdgc-e5F\/view?usp=sharing<\/a> <\/p>\n\n\n\n<p class=\"has-text-align-left\">Agradecemos y felicitamos a todos los equipos de trabajo que nos permiten contar hoy con<br>este material que sabemos que contribuir\u00e1 efectivamente para el fortalecimiento de las mis<br>mas as\u00ed como a su conocimiento y visibilidad.<br>Alberto Croce- Bruno Baldo<br>Coordinaci\u00f3n general del proyecto de Cooperaci\u00f3n Alimentaria<\/p>\n\n\n\n<p class=\"has-text-align-left\">Adem\u00e1s compartimos un documento con Reflexiones sobre Cooperaci\u00f3n Alimentaria, elaborado por Alberto Croce: <a href=\"https:\/\/drive.google.com\/file\/d\/1PyAKR69OJpegID1SAsdMUbkW6YW4UEx0\/view?usp=sharing\" data-type=\"link\" data-id=\"https:\/\/drive.google.com\/file\/d\/1PyAKR69OJpegID1SAsdMUbkW6YW4UEx0\/view?usp=sharing\">https:\/\/drive.google.com\/file\/d\/1PyAKR69OJpegID1SAsdMUbkW6YW4UEx0\/view?usp=sharing<\/a><\/p>\n\n\n\n<p><\/p>\n","protected":false},"excerpt":{"rendered":"<p>Durante la segunda mitad de 2024 y la primera de 2025, Fundaci\u00f3n Multipolar, una orga-nizaci\u00f3n de la Red Encuentro, tuvo la responsabilidad de impulsar el proyecto de \u201cCoope-raci\u00f3n Alimentaria\u201d en clave de soberan\u00eda alimentaria, seguridad alimentaria y Econom\u00edaPopular, Social y Solidaria.Este proyecto, a su vez, form\u00f3 parte de una iniciativa mayor generada a partir de la articu-laci\u00f3n de la \u201cSociedad Civil en Red\u201d, que cont\u00f3 con el financiamiento de la Uni\u00f3n Europea.Uno de los prop\u00f3sitos del proyecto que coordinamos fue identificar organizaciones que ensus pr\u00e1cticas permitieran el desarrollo de aprendizajes que fueran valiosos para otras que seproponen trabajar en el mismo campo o con la misma intencionalidad.En este marco, desde la coordinaci\u00f3n del proyecto invitamos a cuatro organizaciones de lasociedad civil a sistematizar alguna de sus experiencias que resultaban m\u00e1s relevantes a losfines del proyecto en cuesti\u00f3n.Para ello, elegimos la metodolog\u00eda de los \u201cM\u00f3dulos Din\u00e1micos de Sistematizaci\u00f3n\u201d que nospermiti\u00f3 realizar una experiencia de trabajo formativo y colectivo con la finalidad de podertransmitir el conocimiento de las pr\u00e1cticas de cada organizaci\u00f3n.El resultado de este trabajo se recopila en este documento que ofrece al lector una descrip-ci\u00f3n detallada y profunda de lo realizado por cada organizaci\u00f3n.Equipos de cada organizaci\u00f3n trabajaron en su escritura y luego realizamos un importanteintercambio para optimizar cada parte de este documento que aqu\u00ed presentamos.A continuaci\u00f3n podr\u00e1n conocer las siguientes pr\u00e1cticas, llevadas adelante por cada una delas respectivas organizaciones responsables de las mismas:\u2022 El \u00c1rea de Producci\u00f3n Textil (Fundaci\u00f3n Multipolar)\u2022 El Comedor Comunitario Chacra 103 de la ciudad de Posadas (FOVEFOMI)\u2022 Los circuitos socio-econ\u00f3micos alimentarios como estrategias comerciales en la provin-cia de C\u00f3rdoba (Comercializadora Monte Adentro)\u2022 La metodolog\u00eda de intervenci\u00f3n del Programa \u201cUnir para la Soberan\u00eda Alimentaria\u201d, enla provincia de Misiones (SEDI)Compartimos el material completo:https:\/\/drive.google.com\/file\/d\/1Z3uUeo26myPenXhm-BEmJN7DBdgc-e5F\/view?usp=sharing Agradecemos y felicitamos a todos los equipos de trabajo que nos permiten contar hoy coneste material que sabemos que contribuir\u00e1 efectivamente para el fortalecimiento de las mismas as\u00ed como a su conocimiento y visibilidad.Alberto Croce- Bruno BaldoCoordinaci\u00f3n general del proyecto de Cooperaci\u00f3n Alimentaria Adem\u00e1s compartimos un documento con Reflexiones sobre Cooperaci\u00f3n Alimentaria, elaborado por Alberto Croce: https:\/\/drive.google.com\/file\/d\/1PyAKR69OJpegID1SAsdMUbkW6YW4UEx0\/view?usp=sharing<\/p>\n","protected":false},"author":2,"featured_media":881,"comment_status":"open","ping_status":"open","sticky":false,"template":"","format":"standard","meta":{"footnotes":""},"categories":[1],"tags":[],"class_list":["post-878","post","type-post","status-publish","format-standard","has-post-thumbnail","hentry","category-blog"],"_links":{"self":[{"href":"https:\/\/sociedadcivilenred.org.ar\/index.php\/wp-json\/wp\/v2\/posts\/878","targetHints":{"allow":["GET"]}}],"collection":[{"href":"https:\/\/sociedadcivilenred.org.ar\/index.php\/wp-json\/wp\/v2\/posts"}],"about":[{"href":"https:\/\/sociedadcivilenred.org.ar\/index.php\/wp-json\/wp\/v2\/types\/post"}],"author":[{"embeddable":true,"href":"https:\/\/sociedadcivilenred.org.ar\/index.php\/wp-json\/wp\/v2\/users\/2"}],"replies":[{"embeddable":true,"href":"https:\/\/sociedadcivilenred.org.ar\/index.php\/wp-json\/wp\/v2\/comments?post=878"}],"version-history":[{"count":2,"href":"https:\/\/sociedadcivilenred.org.ar\/index.php\/wp-json\/wp\/v2\/posts\/878\/revisions"}],"predecessor-version":[{"id":883,"href":"https:\/\/sociedadcivilenred.org.ar\/index.php\/wp-json\/wp\/v2\/posts\/878\/revisions\/883"}],"wp:featuredmedia":[{"embeddable":true,"href":"https:\/\/sociedadcivilenred.org.ar\/index.php\/wp-json\/wp\/v2\/media\/881"}],"wp:attachment":[{"href":"https:\/\/sociedadcivilenred.org.ar\/index.php\/wp-json\/wp\/v2\/media?parent=878"}],"wp:term":[{"taxonomy":"category","embeddable":true,"href":"https:\/\/sociedadcivilenred.org.ar\/index.php\/wp-json\/wp\/v2\/categories?post=878"},{"taxonomy":"post_tag","embeddable":true,"href":"https:\/\/sociedadcivilenred.org.ar\/index.php\/wp-json\/wp\/v2\/tags?post=878"}],"curies":[{"name":"wp","href":"https:\/\/api.w.org\/{rel}","templated":true}]}}